{"id":2008,"date":"2020-09-01T10:12:51","date_gmt":"2020-09-01T08:12:51","guid":{"rendered":"https:\/\/marc-marti.com\/pegar-carteles-en-barcelona\/"},"modified":"2022-09-12T13:18:07","modified_gmt":"2022-09-12T11:18:07","slug":"enganxar-cartells-a-barelona","status":"publish","type":"post","link":"https:\/\/marc-marti.com\/ca\/enganxar-cartells-a-barelona\/","title":{"rendered":"El Cartell, Publicitat Urbana"},"content":{"rendered":"<h2><strong>ENGANXADA DE CARTELLS BARCELONA | MARC MART\u00cd &#8211; Enganxada de cartells professional. L\u00edders en Col\u00b7locaci\u00f3 de cartell gran format i dina3 a ciutats i poblacions nacionals.<\/strong><\/h2>\n<h3>STREET M\u00c0RQUETING REPARTIT PER TOT BCN!<br \/>\nLA CIUTAT \u00c9S TEVA: IMPRESSIONA-LA!<\/h3>\n<p><strong>Marc Mart\u00ed \u00e9s una empresa de serveis publicitaris, especialitzada en l&#8217;enganxada de cartells professional a columnes anunciadores de Barcelona i rodalies.<\/strong><\/p>\n<p><strong>L\u00edders en distribuci\u00f3 (en actiu des del 1977), amb una flota estable, i uns professionals amb m\u00e9s de 30 anys d&#8217;experi\u00e8ncia, empresonant tota la ciutat en diversos torns, per tal d&#8217;assegurar la m\u00e0xima visibilitat de la campanya, amb un seguiment setmanal per al client.<\/strong><\/p>\n<p><strong>Oferim la possibilitat de ser present a tots els barris de Barcelona amb costos realment assequibles. Una manera creativa i din\u00e0mica de destacar i deixar-se veure des del primer dia.<\/strong><\/p>\n<p><iframe title=\"YouTube video player\" src=\"https:\/\/www.youtube.com\/embed\/sa0QIkg1hjM\" width=\"560\" height=\"315\" frameborder=\"0\" allowfullscreen=\"allowfullscreen\"><\/iframe><\/p>\n<p><strong>OMPLIM ELS BARRIS AMB EL TEU MISSATGE!<\/strong><\/p>\n<p><strong>CARTELLS DINA3 EN ESTABLIMENTS I COMER\u00c7OS!<\/strong><\/p>\n\n\t\t<style type=\"text\/css\">\n\t\t\t#gallery-1 {\n\t\t\t\tmargin: auto;\n\t\t\t}\n\t\t\t#gallery-1 .gallery-item {\n\t\t\t\tfloat: left;\n\t\t\t\tmargin-top: 10px;\n\t\t\t\ttext-align: center;\n\t\t\t\twidth: 33%;\n\t\t\t}\n\t\t\t#gallery-1 img {\n\t\t\t\tborder: 2px solid #cfcfcf;\n\t\t\t}\n\t\t\t#gallery-1 .gallery-caption {\n\t\t\t\tmargin-left: 0;\n\t\t\t}\n\t\t\t\/* see gallery_shortcode() in wp-includes\/media.php *\/\n\t\t<\/style>\n\t\t<div id='gallery-1' class='gallery galleryid-2008 gallery-columns-3 gallery-size-full'><dl class='gallery-item'>\n\t\t\t<dt class='gallery-icon landscape'>\n\t\t\t\t<a data-rel=\"iLightbox[postimages]\" data-title=\"pegar-dina3-barcelona\" data-caption=\"\" href='https:\/\/marc-marti.com\/wp-content\/uploads\/2022\/09\/pegar-dina3-barcelona.jpg'><img decoding=\"async\" width=\"2000\" height=\"1500\" src=\"https:\/\/marc-marti.com\/wp-content\/uploads\/2022\/09\/pegar-dina3-barcelona.jpg\" class=\"attachment-full size-full\" alt=\"\" srcset=\"https:\/\/marc-marti.com\/wp-content\/uploads\/2022\/09\/pegar-dina3-barcelona-200x150.jpg 200w, https:\/\/marc-marti.com\/wp-content\/uploads\/2022\/09\/pegar-dina3-barcelona-300x225.jpg 300w, https:\/\/marc-marti.com\/wp-content\/uploads\/2022\/09\/pegar-dina3-barcelona-400x300.jpg 400w, https:\/\/marc-marti.com\/wp-content\/uploads\/2022\/09\/pegar-dina3-barcelona-600x450.jpg 600w, https:\/\/marc-marti.com\/wp-content\/uploads\/2022\/09\/pegar-dina3-barcelona-768x576.jpg 768w, https:\/\/marc-marti.com\/wp-content\/uploads\/2022\/09\/pegar-dina3-barcelona-800x600.jpg 800w, https:\/\/marc-marti.com\/wp-content\/uploads\/2022\/09\/pegar-dina3-barcelona-1024x768.jpg 1024w, https:\/\/marc-marti.com\/wp-content\/uploads\/2022\/09\/pegar-dina3-barcelona-1200x900.jpg 1200w, https:\/\/marc-marti.com\/wp-content\/uploads\/2022\/09\/pegar-dina3-barcelona-1536x1152.jpg 1536w, https:\/\/marc-marti.com\/wp-content\/uploads\/2022\/09\/pegar-dina3-barcelona.jpg 2000w\" sizes=\"(max-width: 2000px) 100vw, 2000px\" \/><\/a>\n\t\t\t<\/dt><\/dl>\n\t\t\t<br style='clear: both' \/>\n\t\t<\/div>\n\n<table>\n<tbody>\n<tr>\n<td><strong>Enganxades de cartells format DIN A3 a tots els barris de Barcelona, amb possibilitat de fer campanyes a pobles de Catalunya ia l&#8217;\u00e0mbit nacional.<\/strong><\/p>\n<p><strong>La millor manera de fer visible la teva campanya, \u00e9s estar present a tots els establiments: Botigues, Bars, Comer\u00e7os, Centres estudiantils&#8230; A trav\u00e9s de la distribuci\u00f3 en diversos torns, amb un seguiment senzill per al client.<\/strong><\/p>\n<p><strong>Oferim repartiment de flyers, revistes i petits impresos, a establiments de tota mena, amb rutes estables d&#8217;oci i de cultura.<\/strong><\/p>\n<p><strong>Podem realitzar campanyes combinades (torretes, banderoles, plafons, vinils&#8230;) per poder multiplicar la campanya! A m\u00e9s, la nostra infraestructura ens permet fer accions singulars, nom\u00e9s ens ha de dir la proposta i la farem realitat!<\/strong><\/p>\n<p><strong>La manera m\u00e9s econ\u00f2mica i directa de tenir pres\u00e8ncia a tota la ciutat!!<\/strong><\/p>\n<p><a href=\"https:\/\/marc-marti.com\/ca\/contacte\/\" target=\"_blank\" rel=\"noopener\">Demana el teu pressupost fent clic aqu\u00ed!<\/a><\/p>\n<p>&nbsp;<\/p>\n<p>&nbsp;<\/td>\n<\/tr>\n<\/tbody>\n<\/table>\n","protected":false},"excerpt":{"rendered":"<p>ENGANXADA DE CARTELLS BARCELONA | MARC MART\u00cd &#8211; Enganxada de  [&#8230;]<\/p>\n","protected":false},"author":2,"featured_media":2004,"comment_status":"open","ping_status":"open","sticky":false,"template":"","format":"standard","meta":{"footnotes":""},"categories":[58,22],"tags":[],"class_list":["post-2008","post","type-post","status-publish","format-standard","has-post-thumbnail","hentry","category-casos-dexit-mm","category-noticias-ca"],"yoast_head":"<!-- This site is optimized with the Yoast SEO plugin v27.5 - https:\/\/yoast.com\/product\/yoast-seo-wordpress\/ -->\n<title>El Cartell, Publicitat Urbana - Marc-Mart\u00ed<\/title>\n<meta name=\"description\" content=\"ENGANXADA DE CARTELLS BARCELONA | MARC MART\u00cd - Enganxada de cartells professional. L\u00edders en Col\u00b7locaci\u00f3 de cartell gran format i dina3.\" \/>\n<meta name=\"robots\" content=\"index, follow, max-snippet:-1, max-image-preview:large, max-video-preview:-1\" \/>\n<link rel=\"canonical\" href=\"https:\/\/marc-marti.com\/ca\/enganxar-cartells-a-barelona\/\" \/>\n<meta property=\"og:locale\" content=\"ca_ES\" \/>\n<meta property=\"og:type\" content=\"article\" \/>\n<meta property=\"og:title\" content=\"El Cartell, Publicitat Urbana - Marc-Mart\u00ed\" \/>\n<meta property=\"og:description\" content=\"ENGANXADA DE CARTELLS BARCELONA | MARC MART\u00cd - Enganxada de cartells professional. L\u00edders en Col\u00b7locaci\u00f3 de cartell gran format i dina3.\" \/>\n<meta property=\"og:url\" content=\"https:\/\/marc-marti.com\/ca\/enganxar-cartells-a-barelona\/\" \/>\n<meta property=\"og:site_name\" content=\"Marc-Mart\u00ed\" \/>\n<meta property=\"article:published_time\" content=\"2020-09-01T08:12:51+00:00\" \/>\n<meta property=\"article:modified_time\" content=\"2022-09-12T11:18:07+00:00\" \/>\n<meta property=\"og:image\" content=\"https:\/\/marc-marti.com\/wp-content\/uploads\/2022\/09\/carteles-publicitarios-barcelona.jpg\" \/>\n\t<meta property=\"og:image:width\" content=\"1400\" \/>\n\t<meta property=\"og:image:height\" content=\"1050\" \/>\n\t<meta property=\"og:image:type\" content=\"image\/jpeg\" \/>\n<meta name=\"author\" content=\"gerard\" \/>\n<meta name=\"twitter:card\" content=\"summary_large_image\" \/>\n<meta name=\"twitter:label1\" content=\"Escrit per\" \/>\n\t<meta name=\"twitter:data1\" content=\"gerard\" \/>\n\t<meta name=\"twitter:label2\" content=\"Temps estimat de lectura\" \/>\n\t<meta name=\"twitter:data2\" content=\"2 minuts\" \/>\n<script type=\"application\/ld+json\" class=\"yoast-schema-graph\">{\"@context\":\"https:\\\/\\\/schema.org\",\"@graph\":[{\"@type\":\"Article\",\"@id\":\"https:\\\/\\\/marc-marti.com\\\/ca\\\/enganxar-cartells-a-barelona\\\/#article\",\"isPartOf\":{\"@id\":\"https:\\\/\\\/marc-marti.com\\\/ca\\\/enganxar-cartells-a-barelona\\\/\"},\"author\":{\"name\":\"gerard\",\"@id\":\"https:\\\/\\\/marc-marti.com\\\/#\\\/schema\\\/person\\\/262d6567e492ec82fd3b79d1ec6b1878\"},\"headline\":\"El Cartell, Publicitat Urbana\",\"datePublished\":\"2020-09-01T08:12:51+00:00\",\"dateModified\":\"2022-09-12T11:18:07+00:00\",\"mainEntityOfPage\":{\"@id\":\"https:\\\/\\\/marc-marti.com\\\/ca\\\/enganxar-cartells-a-barelona\\\/\"},\"wordCount\":309,\"commentCount\":0,\"image\":{\"@id\":\"https:\\\/\\\/marc-marti.com\\\/ca\\\/enganxar-cartells-a-barelona\\\/#primaryimage\"},\"thumbnailUrl\":\"https:\\\/\\\/marc-marti.com\\\/wp-content\\\/uploads\\\/2022\\\/09\\\/carteles-publicitarios-barcelona.jpg\",\"articleSection\":[\"Casos d\u2019\u00e8xit\",\"Not\u00edcies\"],\"inLanguage\":\"ca\",\"potentialAction\":[{\"@type\":\"CommentAction\",\"name\":\"Comment\",\"target\":[\"https:\\\/\\\/marc-marti.com\\\/ca\\\/enganxar-cartells-a-barelona\\\/#respond\"]}]},{\"@type\":\"WebPage\",\"@id\":\"https:\\\/\\\/marc-marti.com\\\/ca\\\/enganxar-cartells-a-barelona\\\/\",\"url\":\"https:\\\/\\\/marc-marti.com\\\/ca\\\/enganxar-cartells-a-barelona\\\/\",\"name\":\"El Cartell, Publicitat Urbana - Marc-Mart\u00ed\",\"isPartOf\":{\"@id\":\"https:\\\/\\\/marc-marti.com\\\/#website\"},\"primaryImageOfPage\":{\"@id\":\"https:\\\/\\\/marc-marti.com\\\/ca\\\/enganxar-cartells-a-barelona\\\/#primaryimage\"},\"image\":{\"@id\":\"https:\\\/\\\/marc-marti.com\\\/ca\\\/enganxar-cartells-a-barelona\\\/#primaryimage\"},\"thumbnailUrl\":\"https:\\\/\\\/marc-marti.com\\\/wp-content\\\/uploads\\\/2022\\\/09\\\/carteles-publicitarios-barcelona.jpg\",\"datePublished\":\"2020-09-01T08:12:51+00:00\",\"dateModified\":\"2022-09-12T11:18:07+00:00\",\"author\":{\"@id\":\"https:\\\/\\\/marc-marti.com\\\/#\\\/schema\\\/person\\\/262d6567e492ec82fd3b79d1ec6b1878\"},\"description\":\"ENGANXADA DE CARTELLS BARCELONA | MARC MART\u00cd - Enganxada de cartells professional. L\u00edders en Col\u00b7locaci\u00f3 de cartell gran format i dina3.\",\"breadcrumb\":{\"@id\":\"https:\\\/\\\/marc-marti.com\\\/ca\\\/enganxar-cartells-a-barelona\\\/#breadcrumb\"},\"inLanguage\":\"ca\",\"potentialAction\":[{\"@type\":\"ReadAction\",\"target\":[\"https:\\\/\\\/marc-marti.com\\\/ca\\\/enganxar-cartells-a-barelona\\\/\"]}]},{\"@type\":\"ImageObject\",\"inLanguage\":\"ca\",\"@id\":\"https:\\\/\\\/marc-marti.com\\\/ca\\\/enganxar-cartells-a-barelona\\\/#primaryimage\",\"url\":\"https:\\\/\\\/marc-marti.com\\\/wp-content\\\/uploads\\\/2022\\\/09\\\/carteles-publicitarios-barcelona.jpg\",\"contentUrl\":\"https:\\\/\\\/marc-marti.com\\\/wp-content\\\/uploads\\\/2022\\\/09\\\/carteles-publicitarios-barcelona.jpg\",\"width\":1400,\"height\":1050,\"caption\":\"carteles-publicitarios-barcelona\"},{\"@type\":\"BreadcrumbList\",\"@id\":\"https:\\\/\\\/marc-marti.com\\\/ca\\\/enganxar-cartells-a-barelona\\\/#breadcrumb\",\"itemListElement\":[{\"@type\":\"ListItem\",\"position\":1,\"name\":\"Portada\",\"item\":\"https:\\\/\\\/marc-marti.com\\\/ca\\\/\"},{\"@type\":\"ListItem\",\"position\":2,\"name\":\"El Cartell, Publicitat Urbana\"}]},{\"@type\":\"WebSite\",\"@id\":\"https:\\\/\\\/marc-marti.com\\\/#website\",\"url\":\"https:\\\/\\\/marc-marti.com\\\/\",\"name\":\"Marc-Mart\u00ed\",\"description\":\"Impresi\u00f3n digital gran formato\",\"potentialAction\":[{\"@type\":\"SearchAction\",\"target\":{\"@type\":\"EntryPoint\",\"urlTemplate\":\"https:\\\/\\\/marc-marti.com\\\/?s={search_term_string}\"},\"query-input\":{\"@type\":\"PropertyValueSpecification\",\"valueRequired\":true,\"valueName\":\"search_term_string\"}}],\"inLanguage\":\"ca\"},{\"@type\":\"Person\",\"@id\":\"https:\\\/\\\/marc-marti.com\\\/#\\\/schema\\\/person\\\/262d6567e492ec82fd3b79d1ec6b1878\",\"name\":\"gerard\"}]}<\/script>\n<!-- \/ Yoast SEO plugin. -->","yoast_head_json":{"title":"El Cartell, Publicitat Urbana - Marc-Mart\u00ed","description":"ENGANXADA DE CARTELLS BARCELONA | MARC MART\u00cd - Enganxada de cartells professional. L\u00edders en Col\u00b7locaci\u00f3 de cartell gran format i dina3.","robots":{"index":"index","follow":"follow","max-snippet":"max-snippet:-1","max-image-preview":"max-image-preview:large","max-video-preview":"max-video-preview:-1"},"canonical":"https:\/\/marc-marti.com\/ca\/enganxar-cartells-a-barelona\/","og_locale":"ca_ES","og_type":"article","og_title":"El Cartell, Publicitat Urbana - Marc-Mart\u00ed","og_description":"ENGANXADA DE CARTELLS BARCELONA | MARC MART\u00cd - Enganxada de cartells professional. L\u00edders en Col\u00b7locaci\u00f3 de cartell gran format i dina3.","og_url":"https:\/\/marc-marti.com\/ca\/enganxar-cartells-a-barelona\/","og_site_name":"Marc-Mart\u00ed","article_published_time":"2020-09-01T08:12:51+00:00","article_modified_time":"2022-09-12T11:18:07+00:00","og_image":[{"width":1400,"height":1050,"url":"https:\/\/marc-marti.com\/wp-content\/uploads\/2022\/09\/carteles-publicitarios-barcelona.jpg","type":"image\/jpeg"}],"author":"gerard","twitter_card":"summary_large_image","twitter_misc":{"Escrit per":"gerard","Temps estimat de lectura":"2 minuts"},"schema":{"@context":"https:\/\/schema.org","@graph":[{"@type":"Article","@id":"https:\/\/marc-marti.com\/ca\/enganxar-cartells-a-barelona\/#article","isPartOf":{"@id":"https:\/\/marc-marti.com\/ca\/enganxar-cartells-a-barelona\/"},"author":{"name":"gerard","@id":"https:\/\/marc-marti.com\/#\/schema\/person\/262d6567e492ec82fd3b79d1ec6b1878"},"headline":"El Cartell, Publicitat Urbana","datePublished":"2020-09-01T08:12:51+00:00","dateModified":"2022-09-12T11:18:07+00:00","mainEntityOfPage":{"@id":"https:\/\/marc-marti.com\/ca\/enganxar-cartells-a-barelona\/"},"wordCount":309,"commentCount":0,"image":{"@id":"https:\/\/marc-marti.com\/ca\/enganxar-cartells-a-barelona\/#primaryimage"},"thumbnailUrl":"https:\/\/marc-marti.com\/wp-content\/uploads\/2022\/09\/carteles-publicitarios-barcelona.jpg","articleSection":["Casos d\u2019\u00e8xit","Not\u00edcies"],"inLanguage":"ca","potentialAction":[{"@type":"CommentAction","name":"Comment","target":["https:\/\/marc-marti.com\/ca\/enganxar-cartells-a-barelona\/#respond"]}]},{"@type":"WebPage","@id":"https:\/\/marc-marti.com\/ca\/enganxar-cartells-a-barelona\/","url":"https:\/\/marc-marti.com\/ca\/enganxar-cartells-a-barelona\/","name":"El Cartell, Publicitat Urbana - Marc-Mart\u00ed","isPartOf":{"@id":"https:\/\/marc-marti.com\/#website"},"primaryImageOfPage":{"@id":"https:\/\/marc-marti.com\/ca\/enganxar-cartells-a-barelona\/#primaryimage"},"image":{"@id":"https:\/\/marc-marti.com\/ca\/enganxar-cartells-a-barelona\/#primaryimage"},"thumbnailUrl":"https:\/\/marc-marti.com\/wp-content\/uploads\/2022\/09\/carteles-publicitarios-barcelona.jpg","datePublished":"2020-09-01T08:12:51+00:00","dateModified":"2022-09-12T11:18:07+00:00","author":{"@id":"https:\/\/marc-marti.com\/#\/schema\/person\/262d6567e492ec82fd3b79d1ec6b1878"},"description":"ENGANXADA DE CARTELLS BARCELONA | MARC MART\u00cd - Enganxada de cartells professional. L\u00edders en Col\u00b7locaci\u00f3 de cartell gran format i dina3.","breadcrumb":{"@id":"https:\/\/marc-marti.com\/ca\/enganxar-cartells-a-barelona\/#breadcrumb"},"inLanguage":"ca","potentialAction":[{"@type":"ReadAction","target":["https:\/\/marc-marti.com\/ca\/enganxar-cartells-a-barelona\/"]}]},{"@type":"ImageObject","inLanguage":"ca","@id":"https:\/\/marc-marti.com\/ca\/enganxar-cartells-a-barelona\/#primaryimage","url":"https:\/\/marc-marti.com\/wp-content\/uploads\/2022\/09\/carteles-publicitarios-barcelona.jpg","contentUrl":"https:\/\/marc-marti.com\/wp-content\/uploads\/2022\/09\/carteles-publicitarios-barcelona.jpg","width":1400,"height":1050,"caption":"carteles-publicitarios-barcelona"},{"@type":"BreadcrumbList","@id":"https:\/\/marc-marti.com\/ca\/enganxar-cartells-a-barelona\/#breadcrumb","itemListElement":[{"@type":"ListItem","position":1,"name":"Portada","item":"https:\/\/marc-marti.com\/ca\/"},{"@type":"ListItem","position":2,"name":"El Cartell, Publicitat Urbana"}]},{"@type":"WebSite","@id":"https:\/\/marc-marti.com\/#website","url":"https:\/\/marc-marti.com\/","name":"Marc-Mart\u00ed","description":"Impresi\u00f3n digital gran formato","potentialAction":[{"@type":"SearchAction","target":{"@type":"EntryPoint","urlTemplate":"https:\/\/marc-marti.com\/?s={search_term_string}"},"query-input":{"@type":"PropertyValueSpecification","valueRequired":true,"valueName":"search_term_string"}}],"inLanguage":"ca"},{"@type":"Person","@id":"https:\/\/marc-marti.com\/#\/schema\/person\/262d6567e492ec82fd3b79d1ec6b1878","name":"gerard"}]}},"_links":{"self":[{"href":"https:\/\/marc-marti.com\/ca\/wp-json\/wp\/v2\/posts\/2008","targetHints":{"allow":["GET"]}}],"collection":[{"href":"https:\/\/marc-marti.com\/ca\/wp-json\/wp\/v2\/posts"}],"about":[{"href":"https:\/\/marc-marti.com\/ca\/wp-json\/wp\/v2\/types\/post"}],"author":[{"embeddable":true,"href":"https:\/\/marc-marti.com\/ca\/wp-json\/wp\/v2\/users\/2"}],"replies":[{"embeddable":true,"href":"https:\/\/marc-marti.com\/ca\/wp-json\/wp\/v2\/comments?post=2008"}],"version-history":[{"count":0,"href":"https:\/\/marc-marti.com\/ca\/wp-json\/wp\/v2\/posts\/2008\/revisions"}],"wp:featuredmedia":[{"embeddable":true,"href":"https:\/\/marc-marti.com\/ca\/wp-json\/wp\/v2\/media\/2004"}],"wp:attachment":[{"href":"https:\/\/marc-marti.com\/ca\/wp-json\/wp\/v2\/media?parent=2008"}],"wp:term":[{"taxonomy":"category","embeddable":true,"href":"https:\/\/marc-marti.com\/ca\/wp-json\/wp\/v2\/categories?post=2008"},{"taxonomy":"post_tag","embeddable":true,"href":"https:\/\/marc-marti.com\/ca\/wp-json\/wp\/v2\/tags?post=2008"}],"curies":[{"name":"wp","href":"https:\/\/api.w.org\/{rel}","templated":true}]}}