{"id":2598,"date":"2023-06-08T15:38:27","date_gmt":"2023-06-08T13:38:27","guid":{"rendered":"https:\/\/marc-marti.com\/premios-impacto-y-noche-del-marketing-y-comunicacion\/"},"modified":"2023-06-08T15:40:27","modified_gmt":"2023-06-08T13:40:27","slug":"premis-impacte-i-nit-del-marketing-i-comunicacio","status":"publish","type":"post","link":"https:\/\/marc-marti.com\/ca\/premis-impacte-i-nit-del-marketing-i-comunicacio\/","title":{"rendered":"Premis Impacte i la Nit del M\u00e0rqueting i la comunicaci\u00f3"},"content":{"rendered":"<table>\n<tbody>\n<tr>\n<td>\n<table>\n<tbody>\n<tr>\n<td><strong>El sector de la comunicaci\u00f3 se citar\u00e0 a Sitges els dies 7 i 8 de juny en la triple cita del festival Sitges Next, els Premis Impacte i la recuperada Nit de la Comunicaci\u00f3. Tots tres esdeveniments han conflu\u00eft en dues jornades, amb l\u2019objectiu d\u2019atraure el conjunt de la professi\u00f3 en un univers on confluiran les pon\u00e8ncies i di\u00e0legs, els reconeixements a campanyes i traject\u00f2ries i la trobada social del sector. L\u2019Ajuntament de Sitges, el Sitges Next i el Col\u00b7legi del Ma\u0300rqueting i la Comunicacio\u0301 de Catalunya han tra\u00e7at una alian\u00e7a per a sumar sinergies i situar Sitges com el pol d\u2019atracci\u00f3 del sector de la comunicaci\u00f3 i el m\u00f3n audiovisual.<\/strong><\/td>\n<\/tr>\n<\/tbody>\n<\/table>\n<\/td>\n<\/tr>\n<\/tbody>\n<\/table>\n<table>\n<tbody>\n<tr>\n<td>\n<table>\n<tbody>\n<tr>\n<td>Avui durant la presentaci\u00f3 de l\u2019alian\u00e7a, el regidor de Promoci\u00f3 Econ\u00f2mica, Guillem Escol\u00e0, ha destacat l\u2019aposta del municipi per atraure <strong>produccions, rodatges i el conjunt de la professi\u00f3<\/strong>. Escol\u00e0 ha posat l&#8217;accent en el salt i el creixement registrat pel municipi com a destinaci\u00f3 de rodatges audiovisuals: l\u2019any passat se\u2019n van realitzar 198, un 23% m\u00e9s que l\u2019exercici anterior.<\/p>\n<p>Guillem Escol\u00e0 ha destacat que Sitges \u201cest\u00e0 esdevenint una de les refer\u00e8ncies del m\u00f3n audiovisual del sud d\u2019Europa\u201d, gr\u00e0cies a l\u2019atracci\u00f3 de rodatges, l\u2019organitzaci\u00f3 d\u2019esdeveniments (com els Festivals de Cinema i el Sitges Next, a m\u00e9s de la Nit de la Comunicaci\u00f3) i el projecte per convertir la f\u00e0brica de Vallcarca en un <em>hub<\/em> audiovisual i tecnol\u00f2gic, que atregui productores, companyies i estudis universitaris del sector.<\/p>\n<p>Per la seva part, Xavier Duran, ha presentat la vuitena edici\u00f3 el <strong>Sitges Next<\/strong>, que enguany t\u00e9 la intel\u00b7lig\u00e8ncia artificial i els seus efectes en la comunicaci\u00f3 i la professi\u00f3 com un dels eixos dels di\u00e0legs i pon\u00e8ncies. Duran ha subratllat que \u201cel Next, en tant que festival d\u2019innovaci\u00f3 en comunicaci\u00f3 i creativitat, \u00e9s molt estrat\u00e8gic des de molts \u00e0mbits: els professionals i els estudiants tenen acc\u00e9s a uns ponents que dif\u00edcilment els pots trobar en altres lloc\u201d. El Sitges Next se celebra al Casino Prado amb entrada lliure als professionals. Cal reserva pr\u00e8via en <a href=\"https:\/\/hydramedia.us6.list-manage.com\/track\/click?u=cfb5c7c2026ad5dd02b862c5a&amp;id=b32ea55744&amp;e=e95bbbff34\">aquesta p\u00e0gina<\/a>.<\/p>\n<p>El festival presenta en sessions de mat\u00ed i tarda, els dies 7 i 8, fins a 25 pon\u00e8ncies, estructurades en di\u00e0legs, xerrades i presentacions de casos. El programa inclou professionals amb notable projecci\u00f3 internacional com Ferran L\u00f3pez, Enric Soldevila, Joakim Borgstr\u00f6m, Anna Roca o Beatriz Mart\u00edn.<\/p>\n<p>El Sitges Next 2023 tamb\u00e9 inclou enguany l\u2019espai <em>M\u00e1s Mujeres Creativas en Sitges Next<\/em>, fruit de l\u2019alian\u00e7a amb aquesta plataforma, que t\u00e9 com a objectiu establir un cartell paritari. L\u2019espai presenta Next at Next, un format on tres creatives de reconegudes traject\u00f2ria (Eva Conesa, Eva Garc\u00eda i Emma Pueyo) presenten tres talents en projecci\u00f3 (Maria Ag\u00fandez, Bel\u00e9n Hijonar i Maria Cabr\u00e9, respectivament).<\/p>\n<p>Aprofitant la celebraci\u00f3 del Sitges Next, el mateix Teatre del Prado acull el dia 8 els <strong>Premis Impacte<\/strong> i la celebraci\u00f3 de la <strong>Nit de la Comunicaci\u00f3<\/strong>, convocades pel Col\u00b7legi del Ma\u0300rqueting i la Comunicacio\u0301 de Catalunya i el mateix Ajuntament. Carles Ortet, director de l\u2019esdeveniment, ha presentat la doble cita i ha ressaltat que \u201cser\u00e0 el punt de trobada que el conjunt de la professi\u00f3 estava esperant\u201d.<\/p>\n<p>La gala dels Impacte, presentada per Arturo Valls, est\u00e0 plantejada com un espectacle on es donaran la m\u00e0 el reconeixement a campanyes i traject\u00f2ries, amb la reivindicaci\u00f3 del sector, amb l\u2019objectiu que Catalunya torni a ser puntera en aquest \u00e0mbit. L\u2019acte compta amb la col\u00b7laboraci\u00f3 activa de la Generalitat de Catalunya.<\/p>\n<p>Als Premis Impacte hi opten m\u00e9s 200 campanyes, valorades per una desena de jurats diferents. Els guanyadors es coneixeran a la mateixa nit.<\/td>\n<\/tr>\n<\/tbody>\n<\/table>\n<\/td>\n<\/tr>\n<\/tbody>\n<\/table>\n<table width=\"100%\">\n<tbody>\n<tr>\n<td>&nbsp;<\/p>\n<p>&nbsp;<\/td>\n<\/tr>\n<\/tbody>\n<\/table>\n<p>&nbsp;<\/p>\n\n\t\t<style type=\"text\/css\">\n\t\t\t#gallery-1 {\n\t\t\t\tmargin: auto;\n\t\t\t}\n\t\t\t#gallery-1 .gallery-item {\n\t\t\t\tfloat: left;\n\t\t\t\tmargin-top: 10px;\n\t\t\t\ttext-align: center;\n\t\t\t\twidth: 33%;\n\t\t\t}\n\t\t\t#gallery-1 img {\n\t\t\t\tborder: 2px solid #cfcfcf;\n\t\t\t}\n\t\t\t#gallery-1 .gallery-caption {\n\t\t\t\tmargin-left: 0;\n\t\t\t}\n\t\t\t\/* see gallery_shortcode() in wp-includes\/media.php *\/\n\t\t<\/style>\n\t\t<div id='gallery-1' class='gallery galleryid-2598 gallery-columns-3 gallery-size-thumbnail'><dl class='gallery-item'>\n\t\t\t<dt class='gallery-icon portrait'>\n\t\t\t\t<a data-rel=\"iLightbox[postimages]\" data-title=\"IMG-20230530-WA0008\" data-caption=\"\" href='https:\/\/marc-marti.com\/wp-content\/uploads\/2023\/06\/IMG-20230530-WA0008.jpg'><img decoding=\"async\" width=\"150\" height=\"150\" src=\"https:\/\/marc-marti.com\/wp-content\/uploads\/2023\/06\/IMG-20230530-WA0008-150x150.jpg\" class=\"attachment-thumbnail size-thumbnail\" alt=\"\" srcset=\"https:\/\/marc-marti.com\/wp-content\/uploads\/2023\/06\/IMG-20230530-WA0008-66x66.jpg 66w, https:\/\/marc-marti.com\/wp-content\/uploads\/2023\/06\/IMG-20230530-WA0008-150x150.jpg 150w\" sizes=\"(max-width: 150px) 100vw, 150px\" \/><\/a>\n\t\t\t<\/dt><\/dl><dl class='gallery-item'>\n\t\t\t<dt class='gallery-icon portrait'>\n\t\t\t\t<a data-rel=\"iLightbox[postimages]\" data-title=\"IMG-20230530-WA0012\" data-caption=\"\" href='https:\/\/marc-marti.com\/wp-content\/uploads\/2023\/06\/IMG-20230530-WA0012.jpg'><img decoding=\"async\" width=\"150\" height=\"150\" src=\"https:\/\/marc-marti.com\/wp-content\/uploads\/2023\/06\/IMG-20230530-WA0012-150x150.jpg\" class=\"attachment-thumbnail size-thumbnail\" alt=\"\" srcset=\"https:\/\/marc-marti.com\/wp-content\/uploads\/2023\/06\/IMG-20230530-WA0012-66x66.jpg 66w, https:\/\/marc-marti.com\/wp-content\/uploads\/2023\/06\/IMG-20230530-WA0012-150x150.jpg 150w\" sizes=\"(max-width: 150px) 100vw, 150px\" \/><\/a>\n\t\t\t<\/dt><\/dl><dl class='gallery-item'>\n\t\t\t<dt class='gallery-icon portrait'>\n\t\t\t\t<a data-rel=\"iLightbox[postimages]\" data-title=\"IMG-20230530-WA0018\" data-caption=\"\" href='https:\/\/marc-marti.com\/wp-content\/uploads\/2023\/06\/IMG-20230530-WA0018.jpg'><img decoding=\"async\" width=\"150\" height=\"150\" src=\"https:\/\/marc-marti.com\/wp-content\/uploads\/2023\/06\/IMG-20230530-WA0018-150x150.jpg\" class=\"attachment-thumbnail size-thumbnail\" alt=\"\" srcset=\"https:\/\/marc-marti.com\/wp-content\/uploads\/2023\/06\/IMG-20230530-WA0018-66x66.jpg 66w, https:\/\/marc-marti.com\/wp-content\/uploads\/2023\/06\/IMG-20230530-WA0018-150x150.jpg 150w\" sizes=\"(max-width: 150px) 100vw, 150px\" \/><\/a>\n\t\t\t<\/dt><\/dl><br style=\"clear: both\" \/><dl class='gallery-item'>\n\t\t\t<dt class='gallery-icon portrait'>\n\t\t\t\t<a data-rel=\"iLightbox[postimages]\" data-title=\"IMG-20230530-WA0019\" data-caption=\"\" href='https:\/\/marc-marti.com\/wp-content\/uploads\/2023\/06\/IMG-20230530-WA0019.jpg'><img decoding=\"async\" width=\"150\" height=\"150\" src=\"https:\/\/marc-marti.com\/wp-content\/uploads\/2023\/06\/IMG-20230530-WA0019-150x150.jpg\" class=\"attachment-thumbnail size-thumbnail\" alt=\"\" srcset=\"https:\/\/marc-marti.com\/wp-content\/uploads\/2023\/06\/IMG-20230530-WA0019-66x66.jpg 66w, https:\/\/marc-marti.com\/wp-content\/uploads\/2023\/06\/IMG-20230530-WA0019-150x150.jpg 150w\" sizes=\"(max-width: 150px) 100vw, 150px\" \/><\/a>\n\t\t\t<\/dt><\/dl><dl class='gallery-item'>\n\t\t\t<dt class='gallery-icon portrait'>\n\t\t\t\t<a data-rel=\"iLightbox[postimages]\" data-title=\"IMG-20230530-WA0024\" data-caption=\"\" href='https:\/\/marc-marti.com\/wp-content\/uploads\/2023\/06\/IMG-20230530-WA0024.jpg'><img decoding=\"async\" width=\"150\" height=\"150\" src=\"https:\/\/marc-marti.com\/wp-content\/uploads\/2023\/06\/IMG-20230530-WA0024-150x150.jpg\" class=\"attachment-thumbnail size-thumbnail\" alt=\"\" srcset=\"https:\/\/marc-marti.com\/wp-content\/uploads\/2023\/06\/IMG-20230530-WA0024-66x66.jpg 66w, https:\/\/marc-marti.com\/wp-content\/uploads\/2023\/06\/IMG-20230530-WA0024-150x150.jpg 150w\" sizes=\"(max-width: 150px) 100vw, 150px\" \/><\/a>\n\t\t\t<\/dt><\/dl><dl class='gallery-item'>\n\t\t\t<dt class='gallery-icon portrait'>\n\t\t\t\t<a data-rel=\"iLightbox[postimages]\" data-title=\"IMG-20230530-WA0025\" data-caption=\"\" href='https:\/\/marc-marti.com\/wp-content\/uploads\/2023\/06\/IMG-20230530-WA0025.jpg'><img decoding=\"async\" width=\"150\" height=\"150\" src=\"https:\/\/marc-marti.com\/wp-content\/uploads\/2023\/06\/IMG-20230530-WA0025-150x150.jpg\" class=\"attachment-thumbnail size-thumbnail\" alt=\"\" srcset=\"https:\/\/marc-marti.com\/wp-content\/uploads\/2023\/06\/IMG-20230530-WA0025-66x66.jpg 66w, https:\/\/marc-marti.com\/wp-content\/uploads\/2023\/06\/IMG-20230530-WA0025-150x150.jpg 150w\" sizes=\"(max-width: 150px) 100vw, 150px\" \/><\/a>\n\t\t\t<\/dt><\/dl><br style=\"clear: both\" \/><dl class='gallery-item'>\n\t\t\t<dt class='gallery-icon portrait'>\n\t\t\t\t<a data-rel=\"iLightbox[postimages]\" data-title=\"PREMIS IMPACTE\" data-caption=\"\" href='https:\/\/marc-marti.com\/wp-content\/uploads\/2023\/06\/PREMIS-IMPACTE.jpeg'><img decoding=\"async\" width=\"150\" height=\"150\" src=\"https:\/\/marc-marti.com\/wp-content\/uploads\/2023\/06\/PREMIS-IMPACTE-150x150.jpeg\" class=\"attachment-thumbnail size-thumbnail\" alt=\"\" srcset=\"https:\/\/marc-marti.com\/wp-content\/uploads\/2023\/06\/PREMIS-IMPACTE-66x66.jpeg 66w, https:\/\/marc-marti.com\/wp-content\/uploads\/2023\/06\/PREMIS-IMPACTE-150x150.jpeg 150w\" sizes=\"(max-width: 150px) 100vw, 150px\" \/><\/a>\n\t\t\t<\/dt><\/dl><dl class='gallery-item'>\n\t\t\t<dt class='gallery-icon landscape'>\n\t\t\t\t<a data-rel=\"iLightbox[postimages]\" data-title=\"20230529_172513\" data-caption=\"\" href='https:\/\/marc-marti.com\/wp-content\/uploads\/2023\/06\/20230529_172513-scaled.jpg'><img decoding=\"async\" width=\"150\" height=\"150\" src=\"https:\/\/marc-marti.com\/wp-content\/uploads\/2023\/06\/20230529_172513-150x150.jpg\" class=\"attachment-thumbnail size-thumbnail\" alt=\"\" srcset=\"https:\/\/marc-marti.com\/wp-content\/uploads\/2023\/06\/20230529_172513-66x66.jpg 66w, https:\/\/marc-marti.com\/wp-content\/uploads\/2023\/06\/20230529_172513-150x150.jpg 150w, https:\/\/marc-marti.com\/wp-content\/uploads\/2023\/06\/20230529_172513-200x200.jpg 200w, https:\/\/marc-marti.com\/wp-content\/uploads\/2023\/06\/20230529_172513-300x300.jpg 300w, https:\/\/marc-marti.com\/wp-content\/uploads\/2023\/06\/20230529_172513-400x400.jpg 400w, https:\/\/marc-marti.com\/wp-content\/uploads\/2023\/06\/20230529_172513-600x600.jpg 600w, https:\/\/marc-marti.com\/wp-content\/uploads\/2023\/06\/20230529_172513-768x768.jpg 768w, https:\/\/marc-marti.com\/wp-content\/uploads\/2023\/06\/20230529_172513-800x800.jpg 800w, https:\/\/marc-marti.com\/wp-content\/uploads\/2023\/06\/20230529_172513-1024x1024.jpg 1024w, https:\/\/marc-marti.com\/wp-content\/uploads\/2023\/06\/20230529_172513-1200x1200.jpg 1200w, https:\/\/marc-marti.com\/wp-content\/uploads\/2023\/06\/20230529_172513-1536x1536.jpg 1536w\" sizes=\"(max-width: 150px) 100vw, 150px\" \/><\/a>\n\t\t\t<\/dt><\/dl><dl class='gallery-item'>\n\t\t\t<dt class='gallery-icon portrait'>\n\t\t\t\t<a data-rel=\"iLightbox[postimages]\" data-title=\"20230529_174233\" data-caption=\"\" href='https:\/\/marc-marti.com\/wp-content\/uploads\/2023\/06\/20230529_174233-scaled.jpg'><img decoding=\"async\" width=\"150\" height=\"150\" src=\"https:\/\/marc-marti.com\/wp-content\/uploads\/2023\/06\/20230529_174233-150x150.jpg\" class=\"attachment-thumbnail size-thumbnail\" alt=\"\" srcset=\"https:\/\/marc-marti.com\/wp-content\/uploads\/2023\/06\/20230529_174233-66x66.jpg 66w, https:\/\/marc-marti.com\/wp-content\/uploads\/2023\/06\/20230529_174233-150x150.jpg 150w\" sizes=\"(max-width: 150px) 100vw, 150px\" \/><\/a>\n\t\t\t<\/dt><\/dl><br style=\"clear: both\" \/>\n\t\t<\/div>\n\n","protected":false},"excerpt":{"rendered":"<p>El sector de la comunicaci\u00f3 se citar\u00e0 a Sitges els  [&#8230;]<\/p>\n","protected":false},"author":2,"featured_media":2567,"comment_status":"open","ping_status":"open","sticky":false,"template":"","format":"standard","meta":{"footnotes":""},"categories":[24,22],"tags":[],"class_list":["post-2598","post","type-post","status-publish","format-standard","has-post-thumbnail","hentry","category-ferias-eventos-ca","category-noticias-ca"],"yoast_head":"<!-- This site is optimized with the Yoast SEO plugin v27.2 - https:\/\/yoast.com\/product\/yoast-seo-wordpress\/ -->\n<title>Premis Impacte i la Nit del M\u00e0rqueting i la comunicaci\u00f3 - Marc-Mart\u00ed<\/title>\n<meta name=\"description\" content=\"El sector de la comunicaci\u00f3 se citar\u00e0 a Sitges els dies 7 i 8 de juny en la triple cita del festival Sitges Next, els Premis Impacte i la recuperada Nit de la Comunicaci\u00f3.\" \/>\n<meta name=\"robots\" content=\"index, follow, max-snippet:-1, max-image-preview:large, max-video-preview:-1\" \/>\n<link rel=\"canonical\" href=\"https:\/\/marc-marti.com\/ca\/premis-impacte-i-nit-del-marketing-i-comunicacio\/\" \/>\n<meta property=\"og:locale\" content=\"ca_ES\" \/>\n<meta property=\"og:type\" content=\"article\" \/>\n<meta property=\"og:title\" content=\"Premis Impacte i la Nit del M\u00e0rqueting i la comunicaci\u00f3 - Marc-Mart\u00ed\" \/>\n<meta property=\"og:description\" content=\"El sector de la comunicaci\u00f3 se citar\u00e0 a Sitges els dies 7 i 8 de juny en la triple cita del festival Sitges Next, els Premis Impacte i la recuperada Nit de la Comunicaci\u00f3.\" \/>\n<meta property=\"og:url\" content=\"https:\/\/marc-marti.com\/ca\/premis-impacte-i-nit-del-marketing-i-comunicacio\/\" \/>\n<meta property=\"og:site_name\" content=\"Marc-Mart\u00ed\" \/>\n<meta property=\"article:published_time\" content=\"2023-06-08T13:38:27+00:00\" \/>\n<meta property=\"article:modified_time\" content=\"2023-06-08T13:40:27+00:00\" \/>\n<meta property=\"og:image\" content=\"https:\/\/marc-marti.com\/wp-content\/uploads\/2023\/06\/IMG_8022-scaled.jpg\" \/>\n\t<meta property=\"og:image:width\" content=\"1920\" \/>\n\t<meta property=\"og:image:height\" content=\"2560\" \/>\n\t<meta property=\"og:image:type\" content=\"image\/jpeg\" \/>\n<meta name=\"author\" content=\"gerard\" \/>\n<meta name=\"twitter:card\" content=\"summary_large_image\" \/>\n<meta name=\"twitter:label1\" content=\"Escrit per\" \/>\n\t<meta name=\"twitter:data1\" content=\"gerard\" \/>\n\t<meta name=\"twitter:label2\" content=\"Temps estimat de lectura\" \/>\n\t<meta name=\"twitter:data2\" content=\"3 minuts\" \/>\n<script type=\"application\/ld+json\" class=\"yoast-schema-graph\">{\"@context\":\"https:\/\/schema.org\",\"@graph\":[{\"@type\":\"Article\",\"@id\":\"https:\/\/marc-marti.com\/ca\/premis-impacte-i-nit-del-marketing-i-comunicacio\/#article\",\"isPartOf\":{\"@id\":\"https:\/\/marc-marti.com\/ca\/premis-impacte-i-nit-del-marketing-i-comunicacio\/\"},\"author\":{\"name\":\"gerard\",\"@id\":\"https:\/\/marc-marti.com\/#\/schema\/person\/262d6567e492ec82fd3b79d1ec6b1878\"},\"headline\":\"Premis Impacte i la Nit del M\u00e0rqueting i la comunicaci\u00f3\",\"datePublished\":\"2023-06-08T13:38:27+00:00\",\"dateModified\":\"2023-06-08T13:40:27+00:00\",\"mainEntityOfPage\":{\"@id\":\"https:\/\/marc-marti.com\/ca\/premis-impacte-i-nit-del-marketing-i-comunicacio\/\"},\"wordCount\":655,\"commentCount\":0,\"image\":{\"@id\":\"https:\/\/marc-marti.com\/ca\/premis-impacte-i-nit-del-marketing-i-comunicacio\/#primaryimage\"},\"thumbnailUrl\":\"https:\/\/marc-marti.com\/wp-content\/uploads\/2023\/06\/IMG_8022-scaled.jpg\",\"articleSection\":[\"Fires i esdeveniments\",\"Not\u00edcies\"],\"inLanguage\":\"ca\",\"potentialAction\":[{\"@type\":\"CommentAction\",\"name\":\"Comment\",\"target\":[\"https:\/\/marc-marti.com\/ca\/premis-impacte-i-nit-del-marketing-i-comunicacio\/#respond\"]}]},{\"@type\":\"WebPage\",\"@id\":\"https:\/\/marc-marti.com\/ca\/premis-impacte-i-nit-del-marketing-i-comunicacio\/\",\"url\":\"https:\/\/marc-marti.com\/ca\/premis-impacte-i-nit-del-marketing-i-comunicacio\/\",\"name\":\"Premis Impacte i la Nit del M\u00e0rqueting i la comunicaci\u00f3 - Marc-Mart\u00ed\",\"isPartOf\":{\"@id\":\"https:\/\/marc-marti.com\/#website\"},\"primaryImageOfPage\":{\"@id\":\"https:\/\/marc-marti.com\/ca\/premis-impacte-i-nit-del-marketing-i-comunicacio\/#primaryimage\"},\"image\":{\"@id\":\"https:\/\/marc-marti.com\/ca\/premis-impacte-i-nit-del-marketing-i-comunicacio\/#primaryimage\"},\"thumbnailUrl\":\"https:\/\/marc-marti.com\/wp-content\/uploads\/2023\/06\/IMG_8022-scaled.jpg\",\"datePublished\":\"2023-06-08T13:38:27+00:00\",\"dateModified\":\"2023-06-08T13:40:27+00:00\",\"author\":{\"@id\":\"https:\/\/marc-marti.com\/#\/schema\/person\/262d6567e492ec82fd3b79d1ec6b1878\"},\"description\":\"El sector de la comunicaci\u00f3 se citar\u00e0 a Sitges els dies 7 i 8 de juny en la triple cita del festival Sitges Next, els Premis Impacte i la recuperada Nit de la Comunicaci\u00f3.\",\"breadcrumb\":{\"@id\":\"https:\/\/marc-marti.com\/ca\/premis-impacte-i-nit-del-marketing-i-comunicacio\/#breadcrumb\"},\"inLanguage\":\"ca\",\"potentialAction\":[{\"@type\":\"ReadAction\",\"target\":[\"https:\/\/marc-marti.com\/ca\/premis-impacte-i-nit-del-marketing-i-comunicacio\/\"]}]},{\"@type\":\"ImageObject\",\"inLanguage\":\"ca\",\"@id\":\"https:\/\/marc-marti.com\/ca\/premis-impacte-i-nit-del-marketing-i-comunicacio\/#primaryimage\",\"url\":\"https:\/\/marc-marti.com\/wp-content\/uploads\/2023\/06\/IMG_8022-scaled.jpg\",\"contentUrl\":\"https:\/\/marc-marti.com\/wp-content\/uploads\/2023\/06\/IMG_8022-scaled.jpg\",\"width\":1920,\"height\":2560},{\"@type\":\"BreadcrumbList\",\"@id\":\"https:\/\/marc-marti.com\/ca\/premis-impacte-i-nit-del-marketing-i-comunicacio\/#breadcrumb\",\"itemListElement\":[{\"@type\":\"ListItem\",\"position\":1,\"name\":\"Portada\",\"item\":\"https:\/\/marc-marti.com\/ca\/\"},{\"@type\":\"ListItem\",\"position\":2,\"name\":\"Premis Impacte i la Nit del M\u00e0rqueting i la comunicaci\u00f3\"}]},{\"@type\":\"WebSite\",\"@id\":\"https:\/\/marc-marti.com\/#website\",\"url\":\"https:\/\/marc-marti.com\/\",\"name\":\"Marc-Mart\u00ed\",\"description\":\"Impresi\u00f3n digital gran formato\",\"potentialAction\":[{\"@type\":\"SearchAction\",\"target\":{\"@type\":\"EntryPoint\",\"urlTemplate\":\"https:\/\/marc-marti.com\/?s={search_term_string}\"},\"query-input\":{\"@type\":\"PropertyValueSpecification\",\"valueRequired\":true,\"valueName\":\"search_term_string\"}}],\"inLanguage\":\"ca\"},{\"@type\":\"Person\",\"@id\":\"https:\/\/marc-marti.com\/#\/schema\/person\/262d6567e492ec82fd3b79d1ec6b1878\",\"name\":\"gerard\"}]}<\/script>\n<!-- \/ Yoast SEO plugin. -->","yoast_head_json":{"title":"Premis Impacte i la Nit del M\u00e0rqueting i la comunicaci\u00f3 - Marc-Mart\u00ed","description":"El sector de la comunicaci\u00f3 se citar\u00e0 a Sitges els dies 7 i 8 de juny en la triple cita del festival Sitges Next, els Premis Impacte i la recuperada Nit de la Comunicaci\u00f3.","robots":{"index":"index","follow":"follow","max-snippet":"max-snippet:-1","max-image-preview":"max-image-preview:large","max-video-preview":"max-video-preview:-1"},"canonical":"https:\/\/marc-marti.com\/ca\/premis-impacte-i-nit-del-marketing-i-comunicacio\/","og_locale":"ca_ES","og_type":"article","og_title":"Premis Impacte i la Nit del M\u00e0rqueting i la comunicaci\u00f3 - Marc-Mart\u00ed","og_description":"El sector de la comunicaci\u00f3 se citar\u00e0 a Sitges els dies 7 i 8 de juny en la triple cita del festival Sitges Next, els Premis Impacte i la recuperada Nit de la Comunicaci\u00f3.","og_url":"https:\/\/marc-marti.com\/ca\/premis-impacte-i-nit-del-marketing-i-comunicacio\/","og_site_name":"Marc-Mart\u00ed","article_published_time":"2023-06-08T13:38:27+00:00","article_modified_time":"2023-06-08T13:40:27+00:00","og_image":[{"width":1920,"height":2560,"url":"https:\/\/marc-marti.com\/wp-content\/uploads\/2023\/06\/IMG_8022-scaled.jpg","type":"image\/jpeg"}],"author":"gerard","twitter_card":"summary_large_image","twitter_misc":{"Escrit per":"gerard","Temps estimat de lectura":"3 minuts"},"schema":{"@context":"https:\/\/schema.org","@graph":[{"@type":"Article","@id":"https:\/\/marc-marti.com\/ca\/premis-impacte-i-nit-del-marketing-i-comunicacio\/#article","isPartOf":{"@id":"https:\/\/marc-marti.com\/ca\/premis-impacte-i-nit-del-marketing-i-comunicacio\/"},"author":{"name":"gerard","@id":"https:\/\/marc-marti.com\/#\/schema\/person\/262d6567e492ec82fd3b79d1ec6b1878"},"headline":"Premis Impacte i la Nit del M\u00e0rqueting i la comunicaci\u00f3","datePublished":"2023-06-08T13:38:27+00:00","dateModified":"2023-06-08T13:40:27+00:00","mainEntityOfPage":{"@id":"https:\/\/marc-marti.com\/ca\/premis-impacte-i-nit-del-marketing-i-comunicacio\/"},"wordCount":655,"commentCount":0,"image":{"@id":"https:\/\/marc-marti.com\/ca\/premis-impacte-i-nit-del-marketing-i-comunicacio\/#primaryimage"},"thumbnailUrl":"https:\/\/marc-marti.com\/wp-content\/uploads\/2023\/06\/IMG_8022-scaled.jpg","articleSection":["Fires i esdeveniments","Not\u00edcies"],"inLanguage":"ca","potentialAction":[{"@type":"CommentAction","name":"Comment","target":["https:\/\/marc-marti.com\/ca\/premis-impacte-i-nit-del-marketing-i-comunicacio\/#respond"]}]},{"@type":"WebPage","@id":"https:\/\/marc-marti.com\/ca\/premis-impacte-i-nit-del-marketing-i-comunicacio\/","url":"https:\/\/marc-marti.com\/ca\/premis-impacte-i-nit-del-marketing-i-comunicacio\/","name":"Premis Impacte i la Nit del M\u00e0rqueting i la comunicaci\u00f3 - Marc-Mart\u00ed","isPartOf":{"@id":"https:\/\/marc-marti.com\/#website"},"primaryImageOfPage":{"@id":"https:\/\/marc-marti.com\/ca\/premis-impacte-i-nit-del-marketing-i-comunicacio\/#primaryimage"},"image":{"@id":"https:\/\/marc-marti.com\/ca\/premis-impacte-i-nit-del-marketing-i-comunicacio\/#primaryimage"},"thumbnailUrl":"https:\/\/marc-marti.com\/wp-content\/uploads\/2023\/06\/IMG_8022-scaled.jpg","datePublished":"2023-06-08T13:38:27+00:00","dateModified":"2023-06-08T13:40:27+00:00","author":{"@id":"https:\/\/marc-marti.com\/#\/schema\/person\/262d6567e492ec82fd3b79d1ec6b1878"},"description":"El sector de la comunicaci\u00f3 se citar\u00e0 a Sitges els dies 7 i 8 de juny en la triple cita del festival Sitges Next, els Premis Impacte i la recuperada Nit de la Comunicaci\u00f3.","breadcrumb":{"@id":"https:\/\/marc-marti.com\/ca\/premis-impacte-i-nit-del-marketing-i-comunicacio\/#breadcrumb"},"inLanguage":"ca","potentialAction":[{"@type":"ReadAction","target":["https:\/\/marc-marti.com\/ca\/premis-impacte-i-nit-del-marketing-i-comunicacio\/"]}]},{"@type":"ImageObject","inLanguage":"ca","@id":"https:\/\/marc-marti.com\/ca\/premis-impacte-i-nit-del-marketing-i-comunicacio\/#primaryimage","url":"https:\/\/marc-marti.com\/wp-content\/uploads\/2023\/06\/IMG_8022-scaled.jpg","contentUrl":"https:\/\/marc-marti.com\/wp-content\/uploads\/2023\/06\/IMG_8022-scaled.jpg","width":1920,"height":2560},{"@type":"BreadcrumbList","@id":"https:\/\/marc-marti.com\/ca\/premis-impacte-i-nit-del-marketing-i-comunicacio\/#breadcrumb","itemListElement":[{"@type":"ListItem","position":1,"name":"Portada","item":"https:\/\/marc-marti.com\/ca\/"},{"@type":"ListItem","position":2,"name":"Premis Impacte i la Nit del M\u00e0rqueting i la comunicaci\u00f3"}]},{"@type":"WebSite","@id":"https:\/\/marc-marti.com\/#website","url":"https:\/\/marc-marti.com\/","name":"Marc-Mart\u00ed","description":"Impresi\u00f3n digital gran formato","potentialAction":[{"@type":"SearchAction","target":{"@type":"EntryPoint","urlTemplate":"https:\/\/marc-marti.com\/?s={search_term_string}"},"query-input":{"@type":"PropertyValueSpecification","valueRequired":true,"valueName":"search_term_string"}}],"inLanguage":"ca"},{"@type":"Person","@id":"https:\/\/marc-marti.com\/#\/schema\/person\/262d6567e492ec82fd3b79d1ec6b1878","name":"gerard"}]}},"_links":{"self":[{"href":"https:\/\/marc-marti.com\/ca\/wp-json\/wp\/v2\/posts\/2598","targetHints":{"allow":["GET"]}}],"collection":[{"href":"https:\/\/marc-marti.com\/ca\/wp-json\/wp\/v2\/posts"}],"about":[{"href":"https:\/\/marc-marti.com\/ca\/wp-json\/wp\/v2\/types\/post"}],"author":[{"embeddable":true,"href":"https:\/\/marc-marti.com\/ca\/wp-json\/wp\/v2\/users\/2"}],"replies":[{"embeddable":true,"href":"https:\/\/marc-marti.com\/ca\/wp-json\/wp\/v2\/comments?post=2598"}],"version-history":[{"count":0,"href":"https:\/\/marc-marti.com\/ca\/wp-json\/wp\/v2\/posts\/2598\/revisions"}],"wp:featuredmedia":[{"embeddable":true,"href":"https:\/\/marc-marti.com\/ca\/wp-json\/wp\/v2\/media\/2567"}],"wp:attachment":[{"href":"https:\/\/marc-marti.com\/ca\/wp-json\/wp\/v2\/media?parent=2598"}],"wp:term":[{"taxonomy":"category","embeddable":true,"href":"https:\/\/marc-marti.com\/ca\/wp-json\/wp\/v2\/categories?post=2598"},{"taxonomy":"post_tag","embeddable":true,"href":"https:\/\/marc-marti.com\/ca\/wp-json\/wp\/v2\/tags?post=2598"}],"curies":[{"name":"wp","href":"https:\/\/api.w.org\/{rel}","templated":true}]}}