{"id":3037,"date":"2024-04-10T14:24:01","date_gmt":"2024-04-10T12:24:01","guid":{"rendered":"https:\/\/marc-marti.com\/marc-marti-impresion-digital-gran-formato\/"},"modified":"2024-04-11T09:44:38","modified_gmt":"2024-04-11T07:44:38","slug":"marc-marti-impressio-digital-gran-format","status":"publish","type":"post","link":"https:\/\/marc-marti.com\/ca\/marc-marti-impressio-digital-gran-format\/","title":{"rendered":"MARC MART\u00cd IMPRESSI\u00d3 DIGITAL GRAN FORMAT"},"content":{"rendered":"<h2><b>Marc Mart\u00ed: El teu soci integral en Impressi\u00f3 Gran Format, Publicitat Exterior i Comunicaci\u00f3 Visual<\/b><\/h2>\n<p><span style=\"font-weight: 400;\">En un m\u00f3n saturat d&#8217;imatges i est\u00edmuls visuals, destacar entre la multitud \u00e9s m\u00e9s important que mai. Marc Mart\u00ed, l\u00edder en publicitat exterior i comunicaci\u00f3 visual des de 1977 (parc industrial a Barcelona, Madrid i Val\u00e8ncia), ofereix una \u00e0mplia gamma de serveis i productes dissenyats per elevar la teva marca a noves al\u00e7ades.<\/span><\/p>\n<p><strong>Treballem per tota la Pen\u00ednsula i part d&#8217;Europa. Atraurem l&#8217;atenci\u00f3 dels teus clients i audi\u00e8ncia amb creativitat, qualitat i comprom\u00eds.<\/strong><\/p>\n<p>&nbsp;<\/p>\n<h2><b>Serveis Personalitzats per a tots els projectes de Publicitat 360\u00b0<\/b><\/h2>\n<p><span style=\"font-weight: 400;\">A Marc Mart\u00ed, ens enorgulleix oferir un servei integral que cobreix totes les etapes del teu projecte, des de la conceptualitzaci\u00f3 fins a la implementaci\u00f3 i la retirada, emmagatzematge o reciclatge. El nostre equip d&#8217;experts, tots ells amb llarga experi\u00e8ncia en el sector, treballa estretament amb tu per entendre els teus objectius i crear solucions que s&#8217;adapten a les teves necessitats espec\u00edfiques.<\/span><\/p>\n<h3><b>&#8211; Personalitzaci\u00f3 i Adaptaci\u00f3 Creativa:<\/b><\/h3>\n<p><span style=\"font-weight: 400;\">Des de l&#8217;adaptaci\u00f3 del disseny fins a l&#8217;execuci\u00f3, ens comprometem a plasmar la teva visi\u00f3 en cada detall del teu projecte de comunicaci\u00f3 visual.<\/span><\/p>\n<h3><b>&#8211; Assist\u00e8ncia Integral<\/b><span style=\"font-weight: 400;\">:<\/span><\/h3>\n<p><span style=\"font-weight: 400;\">El nostre equip de t\u00e8cnics est\u00e0 sempre a la teva disposici\u00f3 per oferir-te orientaci\u00f3 i suport en cada pas del proc\u00e9s, amb el m\u00e0xim respecte, confian\u00e7a i proximitat.<\/span><\/p>\n<h3><b>&#8211; Impressi\u00f3 i Producci\u00f3 de Qualitat:<\/b><\/h3>\n<p><span style=\"font-weight: 400;\">Utilitzem tecnologia d&#8217;avantguarda i materials de primera qualitat per garantir resultats excepcionals en cada projecte. Invertim en el nostre parc industrial anualment per disposar sempre de la tecnologia m\u00e9s puntera.<\/span><\/p>\n<h3><b>&#8211; Materials Ecol\u00f2gics: <\/b><\/h3>\n<p><span style=\"font-weight: 400;\">Disposem d&#8217;un cat\u00e0leg amb tota mena de materials lliures de PVC, reciclats, reciclables i biodegradables. El nostre departament d&#8217;R+D testa regularment nous materials per poder oferir els millors recursos.<\/span><\/p>\n<h3><b>&#8211; Instal\u00b7laci\u00f3 Professional:<\/b><\/h3>\n<p><span style=\"font-weight: 400;\">Els nostres t\u00e8cnics altament qualificats s&#8217;encarreguen de la instal\u00b7laci\u00f3 dels teus elements publicitaris amb precisi\u00f3 i atenci\u00f3 al detall. Disposem d&#8217;una gran flota de vehicles especialitzats per realitzar tots els projectes.<\/span><\/p>\n<h3><b>&#8211; Reciclatge Responsable:<\/b><\/h3>\n<p><span style=\"font-weight: 400;\">Ens comprometem a minimitzar el nostre impacte en el medi ambient mitjan\u00e7ant pr\u00e0ctiques de reciclatge responsables. Assegurem l&#8217;\u00fas de la menor quantitat de mat\u00e8ria primera amb l&#8217;optimitzaci\u00f3 de tots els nostres recursos, en un esfor\u00e7 conjunt amb cadascun dels nostres departaments.<\/span><\/p>\n<p>&nbsp;<\/p>\n<h2><b>Productes d&#8217;alta qualitat per impactar a la teva audi\u00e8ncia<\/b><\/h2>\n<p><span style=\"font-weight: 400;\">Des de columnes anunciadores, passant per banderoles, macro lones, els r\u00e8tols, imatge corporativa, esdeveniments, i fins a la decoraci\u00f3 d&#8217;interiors, a Marc Mart\u00ed oferim una \u00e0mplia varietat de productes dissenyats per captar l&#8217;atenci\u00f3 de la teva audi\u00e8ncia i transmetre el teu missatge de manera efectiva.<\/span><\/p>\n<h3><a href=\"https:\/\/marc-marti.com\/ca\/publicitat-exterior\/\" target=\"_blank\" rel=\"noopener\"><b>&#8211; Impressi\u00f3 de Publicitat Exterior: <\/b><\/a><\/h3>\n<h4><span style=\"font-weight: 400;\">\u00a0Destaca en el paisatge urb\u00e0 amb les nostres impressionants tanques publicit\u00e0ries i cartells de gran format.<\/span><\/h4>\n<h3><a href=\"https:\/\/marc-marti.com\/ca\/banderoles-i-pancartes\/\" target=\"_blank\" rel=\"noopener\"><b>&#8211; Impressi\u00f3 de Banderoles i Pancartes: <\/b><\/a><\/h3>\n<h4><span style=\"font-weight: 400;\">Atrau l&#8217;atenci\u00f3 dels vianants amb les nostres banderoles i pancartes personalitzades.<\/span><\/h4>\n<h3><a href=\"https:\/\/marc-marti.com\/ca\/vinils-i-adhesius\/\" target=\"_blank\" rel=\"noopener\"><b>&#8211; Impressi\u00f3 de Vinils i Adhesius: <\/b><\/a><\/h3>\n<h4><span style=\"font-weight: 400;\">Decora els teus espais i vehicles amb vinils i adhesius d&#8217;alta qualitat que destaquen per la seva durabilitat i versatilitat.<\/span><\/h4>\n<h3><a href=\"https:\/\/marc-marti.com\/ca\/imatge-corporativa\/\" target=\"_blank\" rel=\"noopener\"><b>&#8211; Impressi\u00f3 per a Imatge Corporativa: <\/b><\/a><\/h3>\n<h4><span style=\"font-weight: 400;\">Refor\u00e7a la identitat de la teva marca amb elements de comunicaci\u00f3 visual coherents i professionals.<\/span><\/h4>\n<h3><a href=\"https:\/\/marc-marti.com\/ca\/fires-i-esdeveniments\/\" target=\"_blank\" rel=\"noopener\"><b>&#8211; Impressi\u00f3 per a Fires i Esdeveniments: <\/b><\/a><\/h3>\n<h4><span style=\"font-weight: 400;\">Impressiona als teus clients potencials amb estands i elements de comunicaci\u00f3 visual dissenyats especialment per a fires i esdeveniments.<\/span><\/h4>\n<h3><a href=\"https:\/\/marc-marti.com\/ca\/ecologicamment\/\" target=\"_blank\" rel=\"noopener\"><b>&#8211; Impressi\u00f3 Digital Ecol\u00f2gica:<\/b><\/a><\/h3>\n<h4><span style=\"font-weight: 400;\">Contribueix a la cura del medi ambient amb els nostres productes i pr\u00e0ctiques ecol\u00f2giques.<\/span><\/h4>\n<h3><a href=\"https:\/\/marc-marti.com\/ca\/retols-i-lluminosos\/\" target=\"_blank\" rel=\"noopener\"><b>&#8211; Fabricaci\u00f3 de R\u00e8tols i Lluminosos: <\/b><\/a><\/h3>\n<h4><span style=\"font-weight: 400;\">Fes que el teu negoci destacar amb r\u00e8tols i lluminosos cridaners i professionals.<\/span><\/h4>\n<h3><a href=\"https:\/\/marc-marti.com\/ca\/exposicions-i-mostres\/\" target=\"_blank\" rel=\"noopener\"><b>&#8211; Impressi\u00f3 per a Exposicions i Mostres: <\/b><\/a><\/h3>\n<h4><span style=\"font-weight: 400;\">Destaca en exposicions i mostres amb elements de comunicaci\u00f3 visual impactants i professionals.<\/span><\/h4>\n<h3><a href=\"https:\/\/marc-marti.com\/ca\/retolacio-de-vehicles\/\" target=\"_blank\" rel=\"noopener\"><b>&#8211; Impressi\u00f3 per a Retolaci\u00f3 de Vehicles:<\/b><\/a><\/h3>\n<h4><span style=\"font-weight: 400;\">Converteix els teus vehicles en poderoses eines de publicitat amb la nostra retolaci\u00f3 de vehicles personalitzada.<\/span><\/h4>\n<h3><a href=\"https:\/\/marc-marti.com\/ca\/carto-estructural\/\" target=\"_blank\" rel=\"noopener\"><b>&#8211; Impressi\u00f3 de Cart\u00f3 Estructural: <\/b><\/a><\/h3>\n<h4><span style=\"font-weight: 400;\">Aprofita la versatilitat del cart\u00f3 estructural per crear elements publicitaris \u00fanics i originals<\/span><\/h4>\n<h3><a href=\"https:\/\/marc-marti.com\/ca\/decoracio-dinteriors\/\" target=\"_blank\" rel=\"noopener\"><b>&#8211; Impressi\u00f3 Decoraci\u00f3 Interiors:<\/b><\/a><\/h3>\n<h4><span style=\"font-weight: 400;\">Transforma els teus espais interiors amb elements de decoraci\u00f3 visual que reflecteixin l&#8217;ess\u00e8ncia de la teva marca.<\/span><\/h4>\n<h3><a href=\"https:\/\/marc-marti.com\/ca\/enganxada-de-cartells\/\" target=\"_blank\" rel=\"noopener\"><b>&#8211; Impressi\u00f3 i Enganxada de Cartells: <\/b><\/a><\/h3>\n<h4><span style=\"font-weight: 400;\">Difon el teu missatge de manera efica\u00e7 amb la nostra pegada de cartells amb les nostres rutes estrat\u00e8giques.<\/span><\/h4>\n<p>&nbsp;<\/p>\n<h2><b>Eleva la teva Marca amb Marc Mart\u00ed, el teu referent en Impacte Visual<\/b><\/h2>\n<p><span style=\"font-weight: 400;\">A Marc Mart\u00ed, estem compromesos a ajudar-te a destacar en un m\u00f3n saturat d&#8217;informaci\u00f3 visual. Amb la nostra \u00e0mplia gamma de serveis i productes d&#8217;alta qualitat, t&#8217;oferim les eines i el suport que necessites per dur la teva marca al seg\u00fcent nivell.\u00a0<\/span><\/p>\n<p><span style=\"font-weight: 400;\">Descobreix els nostres serveis d&#8217;impressi\u00f3 digital i publicitat (360\u00b0). Portarem la teva marca al seg\u00fcent nivell, a Marc Mart\u00ed impressionem les teves idees!<\/span><\/p>\n<h4><a href=\"https:\/\/marc-marti.com\/ca\/contacte\/\" target=\"_blank\" rel=\"noopener\"><span style=\"font-weight: 400;\">Pots contactar amb nosaltres directament, fent clic aqu\u00ed.<\/span><\/a><\/h4>\n<p>&nbsp;<\/p>\n<div id=\"attachment_3014\" style=\"width: 637px\" class=\"wp-caption alignleft\"><img decoding=\"async\" aria-describedby=\"caption-attachment-3014\" class=\"wp-image-3014 size-large\" title=\"IMPRESI\u00d3N GRAN FORMATO ECOL\u00d3GICA BARCELONA\" src=\"https:\/\/marc-marti.com\/wp-content\/uploads\/2024\/03\/dream_TradingCard-4-627x1024.jpg\" alt=\"IMPRESI\u00d3N GRAN FORMATO ECOL\u00d3GICA BARCELONA\" width=\"627\" height=\"1024\" srcset=\"https:\/\/marc-marti.com\/wp-content\/uploads\/2024\/03\/dream_TradingCard-4-184x300.jpg 184w, https:\/\/marc-marti.com\/wp-content\/uploads\/2024\/03\/dream_TradingCard-4-200x327.jpg 200w, https:\/\/marc-marti.com\/wp-content\/uploads\/2024\/03\/dream_TradingCard-4-400x653.jpg 400w, https:\/\/marc-marti.com\/wp-content\/uploads\/2024\/03\/dream_TradingCard-4-600x980.jpg 600w, https:\/\/marc-marti.com\/wp-content\/uploads\/2024\/03\/dream_TradingCard-4-627x1024.jpg 627w, https:\/\/marc-marti.com\/wp-content\/uploads\/2024\/03\/dream_TradingCard-4-768x1254.jpg 768w, https:\/\/marc-marti.com\/wp-content\/uploads\/2024\/03\/dream_TradingCard-4-800x1307.jpg 800w, https:\/\/marc-marti.com\/wp-content\/uploads\/2024\/03\/dream_TradingCard-4-940x1536.jpg 940w, https:\/\/marc-marti.com\/wp-content\/uploads\/2024\/03\/dream_TradingCard-4.jpg 960w\" sizes=\"(max-width: 627px) 100vw, 627px\" \/><p id=\"caption-attachment-3014\" class=\"wp-caption-text\">IMPRESSI\u00d3 ECOL\u00d2GICA GRAN FORMAT BARCELONA<\/p><\/div>\n","protected":false},"excerpt":{"rendered":"<p>Marc Mart\u00ed: El teu soci integral en Impressi\u00f3 Gran Format,  [&#8230;]<\/p>\n","protected":false},"author":2,"featured_media":3029,"comment_status":"open","ping_status":"open","sticky":false,"template":"","format":"standard","meta":{"footnotes":""},"categories":[58,22],"tags":[],"class_list":["post-3037","post","type-post","status-publish","format-standard","has-post-thumbnail","hentry","category-casos-dexit-mm","category-noticias-ca"],"yoast_head":"<!-- This site is optimized with the Yoast SEO plugin v27.5 - https:\/\/yoast.com\/product\/yoast-seo-wordpress\/ -->\n<title>MARC MART\u00cd IMPRESSI\u00d3 DIGITAL GRAN FORMAT - Marc-Mart\u00ed<\/title>\n<meta name=\"description\" content=\"A Marc Mart\u00ed, ens sentim orgullosos d&#039;oferir un servei integral de serveis publicitaris 360\u00ba i impressi\u00f3 digital gran format 24\/7.\" \/>\n<meta name=\"robots\" content=\"index, follow, max-snippet:-1, max-image-preview:large, max-video-preview:-1\" \/>\n<link rel=\"canonical\" href=\"https:\/\/marc-marti.com\/ca\/marc-marti-impressio-digital-gran-format\/\" \/>\n<meta property=\"og:locale\" content=\"ca_ES\" \/>\n<meta property=\"og:type\" content=\"article\" \/>\n<meta property=\"og:title\" content=\"MARC MART\u00cd IMPRESSI\u00d3 DIGITAL GRAN FORMAT - Marc-Mart\u00ed\" \/>\n<meta property=\"og:description\" content=\"A Marc Mart\u00ed, ens sentim orgullosos d&#039;oferir un servei integral de serveis publicitaris 360\u00ba i impressi\u00f3 digital gran format 24\/7.\" \/>\n<meta property=\"og:url\" content=\"https:\/\/marc-marti.com\/ca\/marc-marti-impressio-digital-gran-format\/\" \/>\n<meta property=\"og:site_name\" content=\"Marc-Mart\u00ed\" \/>\n<meta property=\"article:published_time\" content=\"2024-04-10T12:24:01+00:00\" \/>\n<meta property=\"article:modified_time\" content=\"2024-04-11T07:44:38+00:00\" \/>\n<meta property=\"og:image\" content=\"https:\/\/marc-marti.com\/wp-content\/uploads\/2024\/04\/AdobeStock_24515697.jpeg\" \/>\n\t<meta property=\"og:image:width\" content=\"2500\" \/>\n\t<meta property=\"og:image:height\" content=\"1667\" \/>\n\t<meta property=\"og:image:type\" content=\"image\/jpeg\" \/>\n<meta name=\"author\" content=\"gerard\" \/>\n<meta name=\"twitter:card\" content=\"summary_large_image\" \/>\n<meta name=\"twitter:label1\" content=\"Escrit per\" \/>\n\t<meta name=\"twitter:data1\" content=\"gerard\" \/>\n\t<meta name=\"twitter:label2\" content=\"Temps estimat de lectura\" \/>\n\t<meta name=\"twitter:data2\" content=\"4 minuts\" \/>\n<script type=\"application\/ld+json\" class=\"yoast-schema-graph\">{\"@context\":\"https:\\\/\\\/schema.org\",\"@graph\":[{\"@type\":\"Article\",\"@id\":\"https:\\\/\\\/marc-marti.com\\\/ca\\\/marc-marti-impressio-digital-gran-format\\\/#article\",\"isPartOf\":{\"@id\":\"https:\\\/\\\/marc-marti.com\\\/ca\\\/marc-marti-impressio-digital-gran-format\\\/\"},\"author\":{\"name\":\"gerard\",\"@id\":\"https:\\\/\\\/marc-marti.com\\\/#\\\/schema\\\/person\\\/262d6567e492ec82fd3b79d1ec6b1878\"},\"headline\":\"MARC MART\u00cd IMPRESSI\u00d3 DIGITAL GRAN FORMAT\",\"datePublished\":\"2024-04-10T12:24:01+00:00\",\"dateModified\":\"2024-04-11T07:44:38+00:00\",\"mainEntityOfPage\":{\"@id\":\"https:\\\/\\\/marc-marti.com\\\/ca\\\/marc-marti-impressio-digital-gran-format\\\/\"},\"wordCount\":845,\"commentCount\":0,\"image\":{\"@id\":\"https:\\\/\\\/marc-marti.com\\\/ca\\\/marc-marti-impressio-digital-gran-format\\\/#primaryimage\"},\"thumbnailUrl\":\"https:\\\/\\\/marc-marti.com\\\/wp-content\\\/uploads\\\/2024\\\/04\\\/AdobeStock_24515697.jpeg\",\"articleSection\":[\"Casos d\u2019\u00e8xit\",\"Not\u00edcies\"],\"inLanguage\":\"ca\",\"potentialAction\":[{\"@type\":\"CommentAction\",\"name\":\"Comment\",\"target\":[\"https:\\\/\\\/marc-marti.com\\\/ca\\\/marc-marti-impressio-digital-gran-format\\\/#respond\"]}]},{\"@type\":\"WebPage\",\"@id\":\"https:\\\/\\\/marc-marti.com\\\/ca\\\/marc-marti-impressio-digital-gran-format\\\/\",\"url\":\"https:\\\/\\\/marc-marti.com\\\/ca\\\/marc-marti-impressio-digital-gran-format\\\/\",\"name\":\"MARC MART\u00cd IMPRESSI\u00d3 DIGITAL GRAN FORMAT - Marc-Mart\u00ed\",\"isPartOf\":{\"@id\":\"https:\\\/\\\/marc-marti.com\\\/#website\"},\"primaryImageOfPage\":{\"@id\":\"https:\\\/\\\/marc-marti.com\\\/ca\\\/marc-marti-impressio-digital-gran-format\\\/#primaryimage\"},\"image\":{\"@id\":\"https:\\\/\\\/marc-marti.com\\\/ca\\\/marc-marti-impressio-digital-gran-format\\\/#primaryimage\"},\"thumbnailUrl\":\"https:\\\/\\\/marc-marti.com\\\/wp-content\\\/uploads\\\/2024\\\/04\\\/AdobeStock_24515697.jpeg\",\"datePublished\":\"2024-04-10T12:24:01+00:00\",\"dateModified\":\"2024-04-11T07:44:38+00:00\",\"author\":{\"@id\":\"https:\\\/\\\/marc-marti.com\\\/#\\\/schema\\\/person\\\/262d6567e492ec82fd3b79d1ec6b1878\"},\"description\":\"A Marc Mart\u00ed, ens sentim orgullosos d'oferir un servei integral de serveis publicitaris 360\u00ba i impressi\u00f3 digital gran format 24\\\/7.\",\"breadcrumb\":{\"@id\":\"https:\\\/\\\/marc-marti.com\\\/ca\\\/marc-marti-impressio-digital-gran-format\\\/#breadcrumb\"},\"inLanguage\":\"ca\",\"potentialAction\":[{\"@type\":\"ReadAction\",\"target\":[\"https:\\\/\\\/marc-marti.com\\\/ca\\\/marc-marti-impressio-digital-gran-format\\\/\"]}]},{\"@type\":\"ImageObject\",\"inLanguage\":\"ca\",\"@id\":\"https:\\\/\\\/marc-marti.com\\\/ca\\\/marc-marti-impressio-digital-gran-format\\\/#primaryimage\",\"url\":\"https:\\\/\\\/marc-marti.com\\\/wp-content\\\/uploads\\\/2024\\\/04\\\/AdobeStock_24515697.jpeg\",\"contentUrl\":\"https:\\\/\\\/marc-marti.com\\\/wp-content\\\/uploads\\\/2024\\\/04\\\/AdobeStock_24515697.jpeg\",\"width\":2500,\"height\":1667,\"caption\":\"IMPRESI\u00d3N GRAN FORMATO ECOL\u00d3GICA BARCELONA\"},{\"@type\":\"BreadcrumbList\",\"@id\":\"https:\\\/\\\/marc-marti.com\\\/ca\\\/marc-marti-impressio-digital-gran-format\\\/#breadcrumb\",\"itemListElement\":[{\"@type\":\"ListItem\",\"position\":1,\"name\":\"Portada\",\"item\":\"https:\\\/\\\/marc-marti.com\\\/ca\\\/\"},{\"@type\":\"ListItem\",\"position\":2,\"name\":\"MARC MART\u00cd IMPRESSI\u00d3 DIGITAL GRAN FORMAT\"}]},{\"@type\":\"WebSite\",\"@id\":\"https:\\\/\\\/marc-marti.com\\\/#website\",\"url\":\"https:\\\/\\\/marc-marti.com\\\/\",\"name\":\"Marc-Mart\u00ed\",\"description\":\"Impresi\u00f3n digital gran formato\",\"potentialAction\":[{\"@type\":\"SearchAction\",\"target\":{\"@type\":\"EntryPoint\",\"urlTemplate\":\"https:\\\/\\\/marc-marti.com\\\/?s={search_term_string}\"},\"query-input\":{\"@type\":\"PropertyValueSpecification\",\"valueRequired\":true,\"valueName\":\"search_term_string\"}}],\"inLanguage\":\"ca\"},{\"@type\":\"Person\",\"@id\":\"https:\\\/\\\/marc-marti.com\\\/#\\\/schema\\\/person\\\/262d6567e492ec82fd3b79d1ec6b1878\",\"name\":\"gerard\"}]}<\/script>\n<!-- \/ Yoast SEO plugin. -->","yoast_head_json":{"title":"MARC MART\u00cd IMPRESSI\u00d3 DIGITAL GRAN FORMAT - Marc-Mart\u00ed","description":"A Marc Mart\u00ed, ens sentim orgullosos d'oferir un servei integral de serveis publicitaris 360\u00ba i impressi\u00f3 digital gran format 24\/7.","robots":{"index":"index","follow":"follow","max-snippet":"max-snippet:-1","max-image-preview":"max-image-preview:large","max-video-preview":"max-video-preview:-1"},"canonical":"https:\/\/marc-marti.com\/ca\/marc-marti-impressio-digital-gran-format\/","og_locale":"ca_ES","og_type":"article","og_title":"MARC MART\u00cd IMPRESSI\u00d3 DIGITAL GRAN FORMAT - Marc-Mart\u00ed","og_description":"A Marc Mart\u00ed, ens sentim orgullosos d'oferir un servei integral de serveis publicitaris 360\u00ba i impressi\u00f3 digital gran format 24\/7.","og_url":"https:\/\/marc-marti.com\/ca\/marc-marti-impressio-digital-gran-format\/","og_site_name":"Marc-Mart\u00ed","article_published_time":"2024-04-10T12:24:01+00:00","article_modified_time":"2024-04-11T07:44:38+00:00","og_image":[{"width":2500,"height":1667,"url":"https:\/\/marc-marti.com\/wp-content\/uploads\/2024\/04\/AdobeStock_24515697.jpeg","type":"image\/jpeg"}],"author":"gerard","twitter_card":"summary_large_image","twitter_misc":{"Escrit per":"gerard","Temps estimat de lectura":"4 minuts"},"schema":{"@context":"https:\/\/schema.org","@graph":[{"@type":"Article","@id":"https:\/\/marc-marti.com\/ca\/marc-marti-impressio-digital-gran-format\/#article","isPartOf":{"@id":"https:\/\/marc-marti.com\/ca\/marc-marti-impressio-digital-gran-format\/"},"author":{"name":"gerard","@id":"https:\/\/marc-marti.com\/#\/schema\/person\/262d6567e492ec82fd3b79d1ec6b1878"},"headline":"MARC MART\u00cd IMPRESSI\u00d3 DIGITAL GRAN FORMAT","datePublished":"2024-04-10T12:24:01+00:00","dateModified":"2024-04-11T07:44:38+00:00","mainEntityOfPage":{"@id":"https:\/\/marc-marti.com\/ca\/marc-marti-impressio-digital-gran-format\/"},"wordCount":845,"commentCount":0,"image":{"@id":"https:\/\/marc-marti.com\/ca\/marc-marti-impressio-digital-gran-format\/#primaryimage"},"thumbnailUrl":"https:\/\/marc-marti.com\/wp-content\/uploads\/2024\/04\/AdobeStock_24515697.jpeg","articleSection":["Casos d\u2019\u00e8xit","Not\u00edcies"],"inLanguage":"ca","potentialAction":[{"@type":"CommentAction","name":"Comment","target":["https:\/\/marc-marti.com\/ca\/marc-marti-impressio-digital-gran-format\/#respond"]}]},{"@type":"WebPage","@id":"https:\/\/marc-marti.com\/ca\/marc-marti-impressio-digital-gran-format\/","url":"https:\/\/marc-marti.com\/ca\/marc-marti-impressio-digital-gran-format\/","name":"MARC MART\u00cd IMPRESSI\u00d3 DIGITAL GRAN FORMAT - Marc-Mart\u00ed","isPartOf":{"@id":"https:\/\/marc-marti.com\/#website"},"primaryImageOfPage":{"@id":"https:\/\/marc-marti.com\/ca\/marc-marti-impressio-digital-gran-format\/#primaryimage"},"image":{"@id":"https:\/\/marc-marti.com\/ca\/marc-marti-impressio-digital-gran-format\/#primaryimage"},"thumbnailUrl":"https:\/\/marc-marti.com\/wp-content\/uploads\/2024\/04\/AdobeStock_24515697.jpeg","datePublished":"2024-04-10T12:24:01+00:00","dateModified":"2024-04-11T07:44:38+00:00","author":{"@id":"https:\/\/marc-marti.com\/#\/schema\/person\/262d6567e492ec82fd3b79d1ec6b1878"},"description":"A Marc Mart\u00ed, ens sentim orgullosos d'oferir un servei integral de serveis publicitaris 360\u00ba i impressi\u00f3 digital gran format 24\/7.","breadcrumb":{"@id":"https:\/\/marc-marti.com\/ca\/marc-marti-impressio-digital-gran-format\/#breadcrumb"},"inLanguage":"ca","potentialAction":[{"@type":"ReadAction","target":["https:\/\/marc-marti.com\/ca\/marc-marti-impressio-digital-gran-format\/"]}]},{"@type":"ImageObject","inLanguage":"ca","@id":"https:\/\/marc-marti.com\/ca\/marc-marti-impressio-digital-gran-format\/#primaryimage","url":"https:\/\/marc-marti.com\/wp-content\/uploads\/2024\/04\/AdobeStock_24515697.jpeg","contentUrl":"https:\/\/marc-marti.com\/wp-content\/uploads\/2024\/04\/AdobeStock_24515697.jpeg","width":2500,"height":1667,"caption":"IMPRESI\u00d3N GRAN FORMATO ECOL\u00d3GICA BARCELONA"},{"@type":"BreadcrumbList","@id":"https:\/\/marc-marti.com\/ca\/marc-marti-impressio-digital-gran-format\/#breadcrumb","itemListElement":[{"@type":"ListItem","position":1,"name":"Portada","item":"https:\/\/marc-marti.com\/ca\/"},{"@type":"ListItem","position":2,"name":"MARC MART\u00cd IMPRESSI\u00d3 DIGITAL GRAN FORMAT"}]},{"@type":"WebSite","@id":"https:\/\/marc-marti.com\/#website","url":"https:\/\/marc-marti.com\/","name":"Marc-Mart\u00ed","description":"Impresi\u00f3n digital gran formato","potentialAction":[{"@type":"SearchAction","target":{"@type":"EntryPoint","urlTemplate":"https:\/\/marc-marti.com\/?s={search_term_string}"},"query-input":{"@type":"PropertyValueSpecification","valueRequired":true,"valueName":"search_term_string"}}],"inLanguage":"ca"},{"@type":"Person","@id":"https:\/\/marc-marti.com\/#\/schema\/person\/262d6567e492ec82fd3b79d1ec6b1878","name":"gerard"}]}},"_links":{"self":[{"href":"https:\/\/marc-marti.com\/ca\/wp-json\/wp\/v2\/posts\/3037","targetHints":{"allow":["GET"]}}],"collection":[{"href":"https:\/\/marc-marti.com\/ca\/wp-json\/wp\/v2\/posts"}],"about":[{"href":"https:\/\/marc-marti.com\/ca\/wp-json\/wp\/v2\/types\/post"}],"author":[{"embeddable":true,"href":"https:\/\/marc-marti.com\/ca\/wp-json\/wp\/v2\/users\/2"}],"replies":[{"embeddable":true,"href":"https:\/\/marc-marti.com\/ca\/wp-json\/wp\/v2\/comments?post=3037"}],"version-history":[{"count":0,"href":"https:\/\/marc-marti.com\/ca\/wp-json\/wp\/v2\/posts\/3037\/revisions"}],"wp:featuredmedia":[{"embeddable":true,"href":"https:\/\/marc-marti.com\/ca\/wp-json\/wp\/v2\/media\/3029"}],"wp:attachment":[{"href":"https:\/\/marc-marti.com\/ca\/wp-json\/wp\/v2\/media?parent=3037"}],"wp:term":[{"taxonomy":"category","embeddable":true,"href":"https:\/\/marc-marti.com\/ca\/wp-json\/wp\/v2\/categories?post=3037"},{"taxonomy":"post_tag","embeddable":true,"href":"https:\/\/marc-marti.com\/ca\/wp-json\/wp\/v2\/tags?post=3037"}],"curies":[{"name":"wp","href":"https:\/\/api.w.org\/{rel}","templated":true}]}}