{"id":3217,"date":"2025-01-08T12:34:17","date_gmt":"2025-01-08T11:34:17","guid":{"rendered":"https:\/\/marc-marti.com\/marc-marti-tu-socio-en-publicidad-exterior-e-impresion-gran-formato\/"},"modified":"2025-01-08T13:19:02","modified_gmt":"2025-01-08T12:19:02","slug":"marc-marti-publicitat-exterior-i-impressio-gran-format","status":"publish","type":"post","link":"https:\/\/marc-marti.com\/ca\/marc-marti-publicitat-exterior-i-impressio-gran-format\/","title":{"rendered":"Marc Mart\u00ed: El teu Soci en Publicitat Exterior i Impressi\u00f3 Gran Format"},"content":{"rendered":"<h2 data-pm-slice=\"1 1 []\">Marc Mart\u00ed: El teu Soci en Publicitat Exterior i Impressi\u00f3 Gran Format<\/h2>\n<p>En un m\u00f3n on la imatge ho \u00e9s tot, destacar \u00e9s imprescindible. A <strong>Marc Mart\u00ed<\/strong>, l\u00edder en publicitat exterior i comunicaci\u00f3 visual des de 1977, creem solucions innovadores i d\u2019alt impacte per fer brillar la teva marca. Amb pres\u00e8ncia a <strong>Barcelona, Madrid i Val\u00e8ncia<\/strong>, treballem a tota la <strong>Pen\u00ednsula i Europa<\/strong>, oferint creativitat, qualitat i tecnologia d\u2019avantguarda.<\/p>\n<h3>Publicitat 360\u00ba: Tot el que necessites en un sol lloc<\/h3>\n<p>El nostre equip d\u2019experts t\u2019acompanya en cada pas, des de la idea fins a la instal\u00b7laci\u00f3 i el reciclatge, assegurant un servei complet i sense complicacions.<\/p>\n<p>\ud83d\udd25 <strong>Disseny Exclusiu:<\/strong> Transformem la teva idea en una experi\u00e8ncia visual poderosa.<\/p>\n<p>\ud83d\udccc <strong>Assessorament Personalitzat:<\/strong> El nostre equip t\u2019orientar\u00e0 per trobar la millor soluci\u00f3 per a la teva marca.<\/p>\n<p>\ud83c\udfc6 <strong>Impressi\u00f3 i Producci\u00f3 Premium:<\/strong> Materials d\u2019alta qualitat i tecnologia puntera per a resultats excepcionals.<\/p>\n<p>\ud83c\udf31 <strong>Comprom\u00eds Ecol\u00f2gic:<\/strong> Apostem per materials reciclables, biodegradables i lliures de PVC per a un futur sostenible.<\/p>\n<p>\ud83d\udd27 <strong>Instal\u00b7laci\u00f3 Professional:<\/strong> El nostre equip t\u00e8cnic col\u00b7loca cada element amb la m\u00e0xima precisi\u00f3 i seguretat.<\/p>\n<p>\u267b\ufe0f <strong>Reciclatge i Sostenibilitat:<\/strong> Optimitzem recursos i minimitzem residus per reduir l\u2019impacte ambiental.<\/p>\n<h3>Productes que Fan Brillar la teva Marca<\/h3>\n<p>Descobreix la nostra \u00e0mplia gamma de solucions visuals dissenyades per captar l\u2019atenci\u00f3 i refor\u00e7ar la teva imatge:<\/p>\n<p>\ud83c\udfaf <strong>Publicitat Exterior:<\/strong> Tanques publicit\u00e0ries i cartells de gran format que dominen l\u2019entorn urb\u00e0.<\/p>\n<p>\ud83d\ude80 <strong>Banderoles i Pancartes:<\/strong> Impacta els vianants amb dissenys cridaners i personalitzats.<\/p>\n<p>\u2728 <strong>Vinils i Adhesius:<\/strong> Decora espais i vehicles amb solucions duradores i vers\u00e0tils.<\/p>\n<p>\ud83d\udd39 <strong>Imatge Corporativa:<\/strong> Elements visuals que potencien la identitat de la teva marca.<\/p>\n<p>\ud83c\udfaa <strong>Fires i Esdeveniments:<\/strong> Stands i materials de comunicaci\u00f3 visual irresistibles.<\/p>\n<p>\ud83c\udf0d <strong>Impressi\u00f3 Ecol\u00f2gica:<\/strong> Qualitat sense comprometre el medi ambient.<\/p>\n<p>\ud83d\udca1 <strong>R\u00e8tols i Luminosos:<\/strong> Senyal\u00e8tica atractiva per destacar el teu negoci de dia i de nit.<\/p>\n<p>\ud83d\uddbc <strong>Exposicions i Mostres:<\/strong> Disseny visual que impacta en qualsevol espai.<\/p>\n<p>\ud83d\ude96 <strong>Retolaci\u00f3 de Vehicles:<\/strong> Converteix la teva flota en publicitat en moviment.<\/p>\n<p>\ud83d\udce6 <strong>Cartr\u00f3 Estructural:<\/strong> Innovaci\u00f3 per a suports promocionals creatius.<\/p>\n<p>\ud83c\udfe1 <strong>Decoraci\u00f3 d\u2019Interiors:<\/strong> Transforma espais amb gr\u00e0fics \u00fanics.<\/p>\n<p>\ud83d\udccd <strong>Cartelleria Estrat\u00e8gica:<\/strong> Enganxada de cartells en rutes optimitzades per a la m\u00e0xima visibilitat.<\/p>\n<h3>Porta la teva Marca al Seg\u00fcent Nivell amb Marc Mart\u00ed!<\/h3>\n<p>A <strong>Marc Mart\u00ed<\/strong>, combinem creativitat, tecnologia i comprom\u00eds ecol\u00f2gic per oferir-te solucions publicit\u00e0ries que realment impacten.<\/p>\n<p>\ud83d\udd39 <strong>T\u2019ajudem a destacar en un m\u00f3n visualment saturat.<\/strong><\/p>\n<p>\u2728 Fes que la teva marca brilli amb Marc Mart\u00ed! Contacta amb nosaltres i descobreix tot el que podem fer per tu.<\/p>\n<p>&nbsp;<\/p>\n","protected":false},"excerpt":{"rendered":"<p>Marc Mart\u00ed: El teu Soci en Publicitat Exterior i Impressi\u00f3  [&#8230;]<\/p>\n","protected":false},"author":2,"featured_media":3224,"comment_status":"closed","ping_status":"open","sticky":false,"template":"","format":"standard","meta":{"footnotes":""},"categories":[58,22],"tags":[],"class_list":["post-3217","post","type-post","status-publish","format-standard","has-post-thumbnail","hentry","category-casos-dexit-mm","category-noticias-ca"],"yoast_head":"<!-- This site is optimized with the Yoast SEO plugin v27.2 - https:\/\/yoast.com\/product\/yoast-seo-wordpress\/ -->\n<title>Marc Mart\u00ed: El teu Soci en Publicitat Exterior i Impressi\u00f3 Gran Format - Marc-Mart\u00ed<\/title>\n<meta name=\"robots\" content=\"index, follow, max-snippet:-1, max-image-preview:large, max-video-preview:-1\" \/>\n<link rel=\"canonical\" href=\"https:\/\/marc-marti.com\/ca\/marc-marti-publicitat-exterior-i-impressio-gran-format\/\" \/>\n<meta property=\"og:locale\" content=\"ca_ES\" \/>\n<meta property=\"og:type\" content=\"article\" \/>\n<meta property=\"og:title\" content=\"Marc Mart\u00ed: El teu Soci en Publicitat Exterior i Impressi\u00f3 Gran Format - Marc-Mart\u00ed\" \/>\n<meta property=\"og:description\" content=\"Marc Mart\u00ed: El teu Soci en Publicitat Exterior i Impressi\u00f3 [...]\" \/>\n<meta property=\"og:url\" content=\"https:\/\/marc-marti.com\/ca\/marc-marti-publicitat-exterior-i-impressio-gran-format\/\" \/>\n<meta property=\"og:site_name\" content=\"Marc-Mart\u00ed\" \/>\n<meta property=\"article:published_time\" content=\"2025-01-08T11:34:17+00:00\" \/>\n<meta property=\"article:modified_time\" content=\"2025-01-08T12:19:02+00:00\" \/>\n<meta property=\"og:image\" content=\"https:\/\/marc-marti.com\/wp-content\/uploads\/2025\/01\/marc-marti-eco.jpeg\" \/>\n\t<meta property=\"og:image:width\" content=\"1536\" \/>\n\t<meta property=\"og:image:height\" content=\"1536\" \/>\n\t<meta property=\"og:image:type\" content=\"image\/jpeg\" \/>\n<meta name=\"author\" content=\"gerard\" \/>\n<meta name=\"twitter:card\" content=\"summary_large_image\" \/>\n<meta name=\"twitter:label1\" content=\"Escrit per\" \/>\n\t<meta name=\"twitter:data1\" content=\"gerard\" \/>\n\t<meta name=\"twitter:label2\" content=\"Temps estimat de lectura\" \/>\n\t<meta name=\"twitter:data2\" content=\"2 minuts\" \/>\n<script type=\"application\/ld+json\" class=\"yoast-schema-graph\">{\"@context\":\"https:\/\/schema.org\",\"@graph\":[{\"@type\":\"Article\",\"@id\":\"https:\/\/marc-marti.com\/ca\/marc-marti-publicitat-exterior-i-impressio-gran-format\/#article\",\"isPartOf\":{\"@id\":\"https:\/\/marc-marti.com\/ca\/marc-marti-publicitat-exterior-i-impressio-gran-format\/\"},\"author\":{\"name\":\"gerard\",\"@id\":\"https:\/\/marc-marti.com\/#\/schema\/person\/262d6567e492ec82fd3b79d1ec6b1878\"},\"headline\":\"Marc Mart\u00ed: El teu Soci en Publicitat Exterior i Impressi\u00f3 Gran Format\",\"datePublished\":\"2025-01-08T11:34:17+00:00\",\"dateModified\":\"2025-01-08T12:19:02+00:00\",\"mainEntityOfPage\":{\"@id\":\"https:\/\/marc-marti.com\/ca\/marc-marti-publicitat-exterior-i-impressio-gran-format\/\"},\"wordCount\":447,\"image\":{\"@id\":\"https:\/\/marc-marti.com\/ca\/marc-marti-publicitat-exterior-i-impressio-gran-format\/#primaryimage\"},\"thumbnailUrl\":\"https:\/\/marc-marti.com\/wp-content\/uploads\/2025\/01\/marc-marti-eco.jpeg\",\"articleSection\":[\"Casos d\u2019\u00e8xit\",\"Not\u00edcies\"],\"inLanguage\":\"ca\"},{\"@type\":\"WebPage\",\"@id\":\"https:\/\/marc-marti.com\/ca\/marc-marti-publicitat-exterior-i-impressio-gran-format\/\",\"url\":\"https:\/\/marc-marti.com\/ca\/marc-marti-publicitat-exterior-i-impressio-gran-format\/\",\"name\":\"Marc Mart\u00ed: El teu Soci en Publicitat Exterior i Impressi\u00f3 Gran Format - Marc-Mart\u00ed\",\"isPartOf\":{\"@id\":\"https:\/\/marc-marti.com\/#website\"},\"primaryImageOfPage\":{\"@id\":\"https:\/\/marc-marti.com\/ca\/marc-marti-publicitat-exterior-i-impressio-gran-format\/#primaryimage\"},\"image\":{\"@id\":\"https:\/\/marc-marti.com\/ca\/marc-marti-publicitat-exterior-i-impressio-gran-format\/#primaryimage\"},\"thumbnailUrl\":\"https:\/\/marc-marti.com\/wp-content\/uploads\/2025\/01\/marc-marti-eco.jpeg\",\"datePublished\":\"2025-01-08T11:34:17+00:00\",\"dateModified\":\"2025-01-08T12:19:02+00:00\",\"author\":{\"@id\":\"https:\/\/marc-marti.com\/#\/schema\/person\/262d6567e492ec82fd3b79d1ec6b1878\"},\"breadcrumb\":{\"@id\":\"https:\/\/marc-marti.com\/ca\/marc-marti-publicitat-exterior-i-impressio-gran-format\/#breadcrumb\"},\"inLanguage\":\"ca\",\"potentialAction\":[{\"@type\":\"ReadAction\",\"target\":[\"https:\/\/marc-marti.com\/ca\/marc-marti-publicitat-exterior-i-impressio-gran-format\/\"]}]},{\"@type\":\"ImageObject\",\"inLanguage\":\"ca\",\"@id\":\"https:\/\/marc-marti.com\/ca\/marc-marti-publicitat-exterior-i-impressio-gran-format\/#primaryimage\",\"url\":\"https:\/\/marc-marti.com\/wp-content\/uploads\/2025\/01\/marc-marti-eco.jpeg\",\"contentUrl\":\"https:\/\/marc-marti.com\/wp-content\/uploads\/2025\/01\/marc-marti-eco.jpeg\",\"width\":1536,\"height\":1536},{\"@type\":\"BreadcrumbList\",\"@id\":\"https:\/\/marc-marti.com\/ca\/marc-marti-publicitat-exterior-i-impressio-gran-format\/#breadcrumb\",\"itemListElement\":[{\"@type\":\"ListItem\",\"position\":1,\"name\":\"Portada\",\"item\":\"https:\/\/marc-marti.com\/ca\/\"},{\"@type\":\"ListItem\",\"position\":2,\"name\":\"Marc Mart\u00ed: El teu Soci en Publicitat Exterior i Impressi\u00f3 Gran Format\"}]},{\"@type\":\"WebSite\",\"@id\":\"https:\/\/marc-marti.com\/#website\",\"url\":\"https:\/\/marc-marti.com\/\",\"name\":\"Marc-Mart\u00ed\",\"description\":\"Impresi\u00f3n digital gran formato\",\"potentialAction\":[{\"@type\":\"SearchAction\",\"target\":{\"@type\":\"EntryPoint\",\"urlTemplate\":\"https:\/\/marc-marti.com\/?s={search_term_string}\"},\"query-input\":{\"@type\":\"PropertyValueSpecification\",\"valueRequired\":true,\"valueName\":\"search_term_string\"}}],\"inLanguage\":\"ca\"},{\"@type\":\"Person\",\"@id\":\"https:\/\/marc-marti.com\/#\/schema\/person\/262d6567e492ec82fd3b79d1ec6b1878\",\"name\":\"gerard\"}]}<\/script>\n<!-- \/ Yoast SEO plugin. -->","yoast_head_json":{"title":"Marc Mart\u00ed: El teu Soci en Publicitat Exterior i Impressi\u00f3 Gran Format - Marc-Mart\u00ed","robots":{"index":"index","follow":"follow","max-snippet":"max-snippet:-1","max-image-preview":"max-image-preview:large","max-video-preview":"max-video-preview:-1"},"canonical":"https:\/\/marc-marti.com\/ca\/marc-marti-publicitat-exterior-i-impressio-gran-format\/","og_locale":"ca_ES","og_type":"article","og_title":"Marc Mart\u00ed: El teu Soci en Publicitat Exterior i Impressi\u00f3 Gran Format - Marc-Mart\u00ed","og_description":"Marc Mart\u00ed: El teu Soci en Publicitat Exterior i Impressi\u00f3 [...]","og_url":"https:\/\/marc-marti.com\/ca\/marc-marti-publicitat-exterior-i-impressio-gran-format\/","og_site_name":"Marc-Mart\u00ed","article_published_time":"2025-01-08T11:34:17+00:00","article_modified_time":"2025-01-08T12:19:02+00:00","og_image":[{"width":1536,"height":1536,"url":"https:\/\/marc-marti.com\/wp-content\/uploads\/2025\/01\/marc-marti-eco.jpeg","type":"image\/jpeg"}],"author":"gerard","twitter_card":"summary_large_image","twitter_misc":{"Escrit per":"gerard","Temps estimat de lectura":"2 minuts"},"schema":{"@context":"https:\/\/schema.org","@graph":[{"@type":"Article","@id":"https:\/\/marc-marti.com\/ca\/marc-marti-publicitat-exterior-i-impressio-gran-format\/#article","isPartOf":{"@id":"https:\/\/marc-marti.com\/ca\/marc-marti-publicitat-exterior-i-impressio-gran-format\/"},"author":{"name":"gerard","@id":"https:\/\/marc-marti.com\/#\/schema\/person\/262d6567e492ec82fd3b79d1ec6b1878"},"headline":"Marc Mart\u00ed: El teu Soci en Publicitat Exterior i Impressi\u00f3 Gran Format","datePublished":"2025-01-08T11:34:17+00:00","dateModified":"2025-01-08T12:19:02+00:00","mainEntityOfPage":{"@id":"https:\/\/marc-marti.com\/ca\/marc-marti-publicitat-exterior-i-impressio-gran-format\/"},"wordCount":447,"image":{"@id":"https:\/\/marc-marti.com\/ca\/marc-marti-publicitat-exterior-i-impressio-gran-format\/#primaryimage"},"thumbnailUrl":"https:\/\/marc-marti.com\/wp-content\/uploads\/2025\/01\/marc-marti-eco.jpeg","articleSection":["Casos d\u2019\u00e8xit","Not\u00edcies"],"inLanguage":"ca"},{"@type":"WebPage","@id":"https:\/\/marc-marti.com\/ca\/marc-marti-publicitat-exterior-i-impressio-gran-format\/","url":"https:\/\/marc-marti.com\/ca\/marc-marti-publicitat-exterior-i-impressio-gran-format\/","name":"Marc Mart\u00ed: El teu Soci en Publicitat Exterior i Impressi\u00f3 Gran Format - Marc-Mart\u00ed","isPartOf":{"@id":"https:\/\/marc-marti.com\/#website"},"primaryImageOfPage":{"@id":"https:\/\/marc-marti.com\/ca\/marc-marti-publicitat-exterior-i-impressio-gran-format\/#primaryimage"},"image":{"@id":"https:\/\/marc-marti.com\/ca\/marc-marti-publicitat-exterior-i-impressio-gran-format\/#primaryimage"},"thumbnailUrl":"https:\/\/marc-marti.com\/wp-content\/uploads\/2025\/01\/marc-marti-eco.jpeg","datePublished":"2025-01-08T11:34:17+00:00","dateModified":"2025-01-08T12:19:02+00:00","author":{"@id":"https:\/\/marc-marti.com\/#\/schema\/person\/262d6567e492ec82fd3b79d1ec6b1878"},"breadcrumb":{"@id":"https:\/\/marc-marti.com\/ca\/marc-marti-publicitat-exterior-i-impressio-gran-format\/#breadcrumb"},"inLanguage":"ca","potentialAction":[{"@type":"ReadAction","target":["https:\/\/marc-marti.com\/ca\/marc-marti-publicitat-exterior-i-impressio-gran-format\/"]}]},{"@type":"ImageObject","inLanguage":"ca","@id":"https:\/\/marc-marti.com\/ca\/marc-marti-publicitat-exterior-i-impressio-gran-format\/#primaryimage","url":"https:\/\/marc-marti.com\/wp-content\/uploads\/2025\/01\/marc-marti-eco.jpeg","contentUrl":"https:\/\/marc-marti.com\/wp-content\/uploads\/2025\/01\/marc-marti-eco.jpeg","width":1536,"height":1536},{"@type":"BreadcrumbList","@id":"https:\/\/marc-marti.com\/ca\/marc-marti-publicitat-exterior-i-impressio-gran-format\/#breadcrumb","itemListElement":[{"@type":"ListItem","position":1,"name":"Portada","item":"https:\/\/marc-marti.com\/ca\/"},{"@type":"ListItem","position":2,"name":"Marc Mart\u00ed: El teu Soci en Publicitat Exterior i Impressi\u00f3 Gran Format"}]},{"@type":"WebSite","@id":"https:\/\/marc-marti.com\/#website","url":"https:\/\/marc-marti.com\/","name":"Marc-Mart\u00ed","description":"Impresi\u00f3n digital gran formato","potentialAction":[{"@type":"SearchAction","target":{"@type":"EntryPoint","urlTemplate":"https:\/\/marc-marti.com\/?s={search_term_string}"},"query-input":{"@type":"PropertyValueSpecification","valueRequired":true,"valueName":"search_term_string"}}],"inLanguage":"ca"},{"@type":"Person","@id":"https:\/\/marc-marti.com\/#\/schema\/person\/262d6567e492ec82fd3b79d1ec6b1878","name":"gerard"}]}},"_links":{"self":[{"href":"https:\/\/marc-marti.com\/ca\/wp-json\/wp\/v2\/posts\/3217","targetHints":{"allow":["GET"]}}],"collection":[{"href":"https:\/\/marc-marti.com\/ca\/wp-json\/wp\/v2\/posts"}],"about":[{"href":"https:\/\/marc-marti.com\/ca\/wp-json\/wp\/v2\/types\/post"}],"author":[{"embeddable":true,"href":"https:\/\/marc-marti.com\/ca\/wp-json\/wp\/v2\/users\/2"}],"replies":[{"embeddable":true,"href":"https:\/\/marc-marti.com\/ca\/wp-json\/wp\/v2\/comments?post=3217"}],"version-history":[{"count":0,"href":"https:\/\/marc-marti.com\/ca\/wp-json\/wp\/v2\/posts\/3217\/revisions"}],"wp:featuredmedia":[{"embeddable":true,"href":"https:\/\/marc-marti.com\/ca\/wp-json\/wp\/v2\/media\/3224"}],"wp:attachment":[{"href":"https:\/\/marc-marti.com\/ca\/wp-json\/wp\/v2\/media?parent=3217"}],"wp:term":[{"taxonomy":"category","embeddable":true,"href":"https:\/\/marc-marti.com\/ca\/wp-json\/wp\/v2\/categories?post=3217"},{"taxonomy":"post_tag","embeddable":true,"href":"https:\/\/marc-marti.com\/ca\/wp-json\/wp\/v2\/tags?post=3217"}],"curies":[{"name":"wp","href":"https:\/\/api.w.org\/{rel}","templated":true}]}}