{"id":3333,"date":"2025-06-30T12:45:19","date_gmt":"2025-06-30T10:45:19","guid":{"rendered":"https:\/\/marc-marti.com\/marc-marti-la-fuerza-visual-que-da-vida-a-tus-ideas\/"},"modified":"2025-06-30T12:55:14","modified_gmt":"2025-06-30T10:55:14","slug":"marc-marti-la-potencia-visual-que-dona-vida-a-les-teves-idees","status":"publish","type":"post","link":"https:\/\/marc-marti.com\/ca\/marc-marti-la-potencia-visual-que-dona-vida-a-les-teves-idees\/","title":{"rendered":"Marc Mart\u00ed: la for\u00e7a visual que d\u00f3na vida a les teves idees"},"content":{"rendered":"<h2><strong><i>Solucions de publicitat exterior, impressi\u00f3 digital i comunicaci\u00f3 visual 360\u00b0 per fer brillar la teva marca.<\/i><\/strong><\/h2>\n<h3><span style=\"font-weight: 400;\">\ud83c\udfa8 <b>ADN creatiu i m\u00e9s de 45 anys d&#8217;experi\u00e8ncia<\/b><\/span><\/h3>\n<p><span style=\"font-weight: 400;\">Des de 1977, Marc Mart\u00ed combina creativitat i t\u00e8cnica per donar vida a campanyes memorables. La seva traject\u00f2ria aporta credibilitat, agilitat i una mirada creativa constantment renovada.<\/span><\/p>\n<p>&nbsp;<\/p>\n<h3><span style=\"font-weight: 400;\">\ud83d\udd04<strong> <b>Servei 360\u00b0 de principi a fi<\/b><\/strong><\/span><\/h3>\n<ol>\n<li style=\"font-weight: 400;\" aria-level=\"1\"><b>Ideaci\u00f3 i preimpressi\u00f3<\/b><span style=\"font-weight: 400;\"> \u2013 escoltem la teva visi\u00f3 i transformem les teves Arts Finals en projectes f\u00edsics reals.<\/span><\/li>\n<li style=\"font-weight: 400;\" aria-level=\"1\"><b>Impressi\u00f3 digital gran format<\/b><span style=\"font-weight: 400;\"> \u2013 tecnologia d&#8217;\u00faltima generaci\u00f3 per a resultats impecables.<\/span><\/li>\n<li style=\"font-weight: 400;\" aria-level=\"1\"><b>Producci\u00f3 i acabats<\/b><span style=\"font-weight: 400;\"> \u2013 control total de qualitat i temps.<\/span><\/li>\n<li style=\"font-weight: 400;\" aria-level=\"1\"><b>Log\u00edstica i instal\u00b7laci\u00f3<\/b><span style=\"font-weight: 400;\"> \u2013 equips propis a Barcelona, Madrid i Val\u00e8ncia garanteixen muntatges sense sorpreses.<\/span><\/li>\n<li style=\"font-weight: 400;\" aria-level=\"1\"><b>Manteniment i reciclatge \u267b\ufe0f<\/b> \u2013 prolonguem la vida dels materials i redu\u00efm residus.<\/li>\n<\/ol>\n<p>&nbsp;<\/p>\n<h3><span style=\"font-weight: 400;\">\ud83c\udfd9\ufe0f<strong> <b>Publicitat exterior d&#8217;alt impacte<\/b><\/strong><\/span><\/h3>\n<p><strong>\ud83d\ude80 Banderoles i Pancartes<\/strong><br \/>\nAtrau les mirades dels vianants amb formats visuals a mida i de gran visibilitat.<\/p>\n<p><strong>\u2728 Vinils i Adhesius<\/strong><br \/>\nPersonalitza espais i vehicles amb materials resistents i altament vers\u00e0tils.<\/p>\n<p><strong>\ud83d\udd39 Imatge Corporativa<\/strong><br \/>\nRefor\u00e7a la identitat de la teva marca amb solucions gr\u00e0fiques coherents i memorables.<\/p>\n<p><strong>\ud83c\udfaa Fires i Esdeveniments<\/strong><br \/>\nProdu\u00efm tots els elements visuals i de comunicaci\u00f3 que capten l\u2019atenci\u00f3 i generen connexi\u00f3.<\/p>\n<p><strong>\ud83c\udf0d Impressi\u00f3 Ecol\u00f2gica<\/strong><br \/>\nAlta qualitat d\u2019impressi\u00f3 amb processos sostenibles i de baix impacte ambiental.<\/p>\n<p><strong>\ud83d\udca1 R\u00e8tols i Lluminosos<\/strong><br \/>\nSolucions de senyalitzaci\u00f3 il\u00b7luminada que garanteixen visibilitat les 24 hores.<\/p>\n<p><strong>\ud83d\uddbc Exposicions i Mostres<\/strong><br \/>\nCreem entorns gr\u00e0fics que impacten i comuniquen de manera efica\u00e7.<\/p>\n<p><strong>\ud83d\ude96 Retolaci\u00f3 de Vehicles<\/strong><br \/>\nConverteix cada trajecte en una oportunitat de visibilitat per a la teva marca.<\/p>\n<p><strong>\ud83d\udce6 Cart\u00f3 Estructural<\/strong><br \/>\nDissenys innovadors amb materials lleugers, sostenibles i visualment atractius.<\/p>\n<p><strong>\ud83c\udfe1 Decoraci\u00f3 d\u2019Interiors<\/strong><br \/>\nTransforma espais amb gr\u00e0fiques personalitzades i experi\u00e8ncies visuals \u00faniques.<\/p>\n<p><strong>\ud83d\udccd Cartelleria Estrat\u00e8gica<\/strong><br \/>\nCol\u00b7locaci\u00f3 planificada de cartells per maximitzar l\u2019abast i l\u2019impacte visual.<\/p>\n<p>&nbsp;<\/p>\n<h3><span style=\"font-weight: 400;\">\ud83d\udda8\ufe0f<\/span><\/h3>\n<h2><b>Tecnologia i qualitat pr\u00e8mium<\/b><\/h2>\n<p><span style=\"font-weight: 400;\">Impressi\u00f3 fins a 5\u202fm d&#8217;amplada sobre materials r\u00edgids i flexibles en suports molt diversos: lona PVC\u2011free, paper FSC, cartr\u00f3 estructural, alumini, metacrilat i molt m\u00e9s. El resultat: definici\u00f3 crom\u00e0tica i durabilitat extraordin\u00e0ria.<\/span><\/p>\n<p>&nbsp;<\/p>\n<h3><span style=\"font-weight: 400;\">\u267b\ufe0f <b>Comprom\u00eds ecol\u00f2gic<\/b><\/span><\/h3>\n<p><span style=\"font-weight: 400;\">Triem tintes lliures de solvents i suports reciclables o biodegradables. Optimitzem processos per minimitzar l&#8217;\u00fas d&#8217;energia i la generaci\u00f3 de residus.<\/span><\/p>\n<p>&nbsp;<\/p>\n<h3><span style=\"font-weight: 400;\">\u2b50 <b>Hist\u00f2ries que inspiren<\/b><\/span><\/h3>\n<p>\u201c<em>Gr\u00e0cies a Marc Mart\u00ed, el nostre esdeveniment va adquirir una nova dimensi\u00f3 de colors i formes, amb tots els elements que dissenyem i que han sabut reproduir amb fidelitat i instal\u00b7lar amb cura i professionalitat. Un servei global que aporta sempre solucions.<\/em>\u201d \u2014 Responsable de m\u00e0rqueting, festival cultural 2024.<\/p>\n<p>&nbsp;<\/p>\n<h3><span style=\"font-weight: 400;\">\ud83d\ude80<b>Porta la teva imatge al seg\u00fcent nivell<\/b><\/span><\/h3>\n<p><span style=\"font-weight: 400;\"><a href=\"https:\/\/marc-marti.com\/ca\/contacte\/\" target=\"_blank\" rel=\"noopener\">Contacta amb nosaltres<\/a> i descobreix com podem elevar la teva visibilitat. IMPRESSIONEM LES TEVES IDEES!<\/span><\/p>\n<p>&nbsp;<\/p>\n<p>&nbsp;<\/p>\n","protected":false},"excerpt":{"rendered":"<p>Solucions de publicitat exterior, impressi\u00f3 digital i comunicaci\u00f3 visual 360\u00b0  [&#8230;]<\/p>\n","protected":false},"author":2,"featured_media":3335,"comment_status":"closed","ping_status":"open","sticky":false,"template":"","format":"standard","meta":{"footnotes":""},"categories":[58,22],"tags":[],"class_list":["post-3333","post","type-post","status-publish","format-standard","has-post-thumbnail","hentry","category-casos-dexit-mm","category-noticias-ca"],"yoast_head":"<!-- This site is optimized with the Yoast SEO plugin v27.2 - https:\/\/yoast.com\/product\/yoast-seo-wordpress\/ -->\n<title>Marc Mart\u00ed: la for\u00e7a visual que d\u00f3na vida a les teves idees - Marc-Mart\u00ed<\/title>\n<meta name=\"robots\" content=\"index, follow, max-snippet:-1, max-image-preview:large, max-video-preview:-1\" \/>\n<link rel=\"canonical\" href=\"https:\/\/marc-marti.com\/ca\/marc-marti-la-potencia-visual-que-dona-vida-a-les-teves-idees\/\" \/>\n<meta property=\"og:locale\" content=\"ca_ES\" \/>\n<meta property=\"og:type\" content=\"article\" \/>\n<meta property=\"og:title\" content=\"Marc Mart\u00ed: la for\u00e7a visual que d\u00f3na vida a les teves idees - Marc-Mart\u00ed\" \/>\n<meta property=\"og:description\" content=\"Solucions de publicitat exterior, impressi\u00f3 digital i comunicaci\u00f3 visual 360\u00b0 [...]\" \/>\n<meta property=\"og:url\" content=\"https:\/\/marc-marti.com\/ca\/marc-marti-la-potencia-visual-que-dona-vida-a-les-teves-idees\/\" \/>\n<meta property=\"og:site_name\" content=\"Marc-Mart\u00ed\" \/>\n<meta property=\"article:published_time\" content=\"2025-06-30T10:45:19+00:00\" \/>\n<meta property=\"article:modified_time\" content=\"2025-06-30T10:55:14+00:00\" \/>\n<meta property=\"og:image\" content=\"https:\/\/marc-marti.com\/wp-content\/uploads\/2025\/06\/LOGOS-MM-CAT.jpg\" \/>\n\t<meta property=\"og:image:width\" content=\"1024\" \/>\n\t<meta property=\"og:image:height\" content=\"1202\" \/>\n\t<meta property=\"og:image:type\" content=\"image\/jpeg\" \/>\n<meta name=\"author\" content=\"gerard\" \/>\n<meta name=\"twitter:card\" content=\"summary_large_image\" \/>\n<meta name=\"twitter:label1\" content=\"Escrit per\" \/>\n\t<meta name=\"twitter:data1\" content=\"gerard\" \/>\n\t<meta name=\"twitter:label2\" content=\"Temps estimat de lectura\" \/>\n\t<meta name=\"twitter:data2\" content=\"3 minuts\" \/>\n<script type=\"application\/ld+json\" class=\"yoast-schema-graph\">{\"@context\":\"https:\/\/schema.org\",\"@graph\":[{\"@type\":\"Article\",\"@id\":\"https:\/\/marc-marti.com\/ca\/marc-marti-la-potencia-visual-que-dona-vida-a-les-teves-idees\/#article\",\"isPartOf\":{\"@id\":\"https:\/\/marc-marti.com\/ca\/marc-marti-la-potencia-visual-que-dona-vida-a-les-teves-idees\/\"},\"author\":{\"name\":\"gerard\",\"@id\":\"https:\/\/marc-marti.com\/#\/schema\/person\/262d6567e492ec82fd3b79d1ec6b1878\"},\"headline\":\"Marc Mart\u00ed: la for\u00e7a visual que d\u00f3na vida a les teves idees\",\"datePublished\":\"2025-06-30T10:45:19+00:00\",\"dateModified\":\"2025-06-30T10:55:14+00:00\",\"mainEntityOfPage\":{\"@id\":\"https:\/\/marc-marti.com\/ca\/marc-marti-la-potencia-visual-que-dona-vida-a-les-teves-idees\/\"},\"wordCount\":467,\"image\":{\"@id\":\"https:\/\/marc-marti.com\/ca\/marc-marti-la-potencia-visual-que-dona-vida-a-les-teves-idees\/#primaryimage\"},\"thumbnailUrl\":\"https:\/\/marc-marti.com\/wp-content\/uploads\/2025\/06\/LOGOS-MM-CAT.jpg\",\"articleSection\":[\"Casos d\u2019\u00e8xit\",\"Not\u00edcies\"],\"inLanguage\":\"ca\"},{\"@type\":\"WebPage\",\"@id\":\"https:\/\/marc-marti.com\/ca\/marc-marti-la-potencia-visual-que-dona-vida-a-les-teves-idees\/\",\"url\":\"https:\/\/marc-marti.com\/ca\/marc-marti-la-potencia-visual-que-dona-vida-a-les-teves-idees\/\",\"name\":\"Marc Mart\u00ed: la for\u00e7a visual que d\u00f3na vida a les teves idees - Marc-Mart\u00ed\",\"isPartOf\":{\"@id\":\"https:\/\/marc-marti.com\/#website\"},\"primaryImageOfPage\":{\"@id\":\"https:\/\/marc-marti.com\/ca\/marc-marti-la-potencia-visual-que-dona-vida-a-les-teves-idees\/#primaryimage\"},\"image\":{\"@id\":\"https:\/\/marc-marti.com\/ca\/marc-marti-la-potencia-visual-que-dona-vida-a-les-teves-idees\/#primaryimage\"},\"thumbnailUrl\":\"https:\/\/marc-marti.com\/wp-content\/uploads\/2025\/06\/LOGOS-MM-CAT.jpg\",\"datePublished\":\"2025-06-30T10:45:19+00:00\",\"dateModified\":\"2025-06-30T10:55:14+00:00\",\"author\":{\"@id\":\"https:\/\/marc-marti.com\/#\/schema\/person\/262d6567e492ec82fd3b79d1ec6b1878\"},\"breadcrumb\":{\"@id\":\"https:\/\/marc-marti.com\/ca\/marc-marti-la-potencia-visual-que-dona-vida-a-les-teves-idees\/#breadcrumb\"},\"inLanguage\":\"ca\",\"potentialAction\":[{\"@type\":\"ReadAction\",\"target\":[\"https:\/\/marc-marti.com\/ca\/marc-marti-la-potencia-visual-que-dona-vida-a-les-teves-idees\/\"]}]},{\"@type\":\"ImageObject\",\"inLanguage\":\"ca\",\"@id\":\"https:\/\/marc-marti.com\/ca\/marc-marti-la-potencia-visual-que-dona-vida-a-les-teves-idees\/#primaryimage\",\"url\":\"https:\/\/marc-marti.com\/wp-content\/uploads\/2025\/06\/LOGOS-MM-CAT.jpg\",\"contentUrl\":\"https:\/\/marc-marti.com\/wp-content\/uploads\/2025\/06\/LOGOS-MM-CAT.jpg\",\"width\":1024,\"height\":1202},{\"@type\":\"BreadcrumbList\",\"@id\":\"https:\/\/marc-marti.com\/ca\/marc-marti-la-potencia-visual-que-dona-vida-a-les-teves-idees\/#breadcrumb\",\"itemListElement\":[{\"@type\":\"ListItem\",\"position\":1,\"name\":\"Portada\",\"item\":\"https:\/\/marc-marti.com\/ca\/\"},{\"@type\":\"ListItem\",\"position\":2,\"name\":\"Marc Mart\u00ed: la for\u00e7a visual que d\u00f3na vida a les teves idees\"}]},{\"@type\":\"WebSite\",\"@id\":\"https:\/\/marc-marti.com\/#website\",\"url\":\"https:\/\/marc-marti.com\/\",\"name\":\"Marc-Mart\u00ed\",\"description\":\"Impresi\u00f3n digital gran formato\",\"potentialAction\":[{\"@type\":\"SearchAction\",\"target\":{\"@type\":\"EntryPoint\",\"urlTemplate\":\"https:\/\/marc-marti.com\/?s={search_term_string}\"},\"query-input\":{\"@type\":\"PropertyValueSpecification\",\"valueRequired\":true,\"valueName\":\"search_term_string\"}}],\"inLanguage\":\"ca\"},{\"@type\":\"Person\",\"@id\":\"https:\/\/marc-marti.com\/#\/schema\/person\/262d6567e492ec82fd3b79d1ec6b1878\",\"name\":\"gerard\"}]}<\/script>\n<!-- \/ Yoast SEO plugin. -->","yoast_head_json":{"title":"Marc Mart\u00ed: la for\u00e7a visual que d\u00f3na vida a les teves idees - Marc-Mart\u00ed","robots":{"index":"index","follow":"follow","max-snippet":"max-snippet:-1","max-image-preview":"max-image-preview:large","max-video-preview":"max-video-preview:-1"},"canonical":"https:\/\/marc-marti.com\/ca\/marc-marti-la-potencia-visual-que-dona-vida-a-les-teves-idees\/","og_locale":"ca_ES","og_type":"article","og_title":"Marc Mart\u00ed: la for\u00e7a visual que d\u00f3na vida a les teves idees - Marc-Mart\u00ed","og_description":"Solucions de publicitat exterior, impressi\u00f3 digital i comunicaci\u00f3 visual 360\u00b0 [...]","og_url":"https:\/\/marc-marti.com\/ca\/marc-marti-la-potencia-visual-que-dona-vida-a-les-teves-idees\/","og_site_name":"Marc-Mart\u00ed","article_published_time":"2025-06-30T10:45:19+00:00","article_modified_time":"2025-06-30T10:55:14+00:00","og_image":[{"width":1024,"height":1202,"url":"https:\/\/marc-marti.com\/wp-content\/uploads\/2025\/06\/LOGOS-MM-CAT.jpg","type":"image\/jpeg"}],"author":"gerard","twitter_card":"summary_large_image","twitter_misc":{"Escrit per":"gerard","Temps estimat de lectura":"3 minuts"},"schema":{"@context":"https:\/\/schema.org","@graph":[{"@type":"Article","@id":"https:\/\/marc-marti.com\/ca\/marc-marti-la-potencia-visual-que-dona-vida-a-les-teves-idees\/#article","isPartOf":{"@id":"https:\/\/marc-marti.com\/ca\/marc-marti-la-potencia-visual-que-dona-vida-a-les-teves-idees\/"},"author":{"name":"gerard","@id":"https:\/\/marc-marti.com\/#\/schema\/person\/262d6567e492ec82fd3b79d1ec6b1878"},"headline":"Marc Mart\u00ed: la for\u00e7a visual que d\u00f3na vida a les teves idees","datePublished":"2025-06-30T10:45:19+00:00","dateModified":"2025-06-30T10:55:14+00:00","mainEntityOfPage":{"@id":"https:\/\/marc-marti.com\/ca\/marc-marti-la-potencia-visual-que-dona-vida-a-les-teves-idees\/"},"wordCount":467,"image":{"@id":"https:\/\/marc-marti.com\/ca\/marc-marti-la-potencia-visual-que-dona-vida-a-les-teves-idees\/#primaryimage"},"thumbnailUrl":"https:\/\/marc-marti.com\/wp-content\/uploads\/2025\/06\/LOGOS-MM-CAT.jpg","articleSection":["Casos d\u2019\u00e8xit","Not\u00edcies"],"inLanguage":"ca"},{"@type":"WebPage","@id":"https:\/\/marc-marti.com\/ca\/marc-marti-la-potencia-visual-que-dona-vida-a-les-teves-idees\/","url":"https:\/\/marc-marti.com\/ca\/marc-marti-la-potencia-visual-que-dona-vida-a-les-teves-idees\/","name":"Marc Mart\u00ed: la for\u00e7a visual que d\u00f3na vida a les teves idees - Marc-Mart\u00ed","isPartOf":{"@id":"https:\/\/marc-marti.com\/#website"},"primaryImageOfPage":{"@id":"https:\/\/marc-marti.com\/ca\/marc-marti-la-potencia-visual-que-dona-vida-a-les-teves-idees\/#primaryimage"},"image":{"@id":"https:\/\/marc-marti.com\/ca\/marc-marti-la-potencia-visual-que-dona-vida-a-les-teves-idees\/#primaryimage"},"thumbnailUrl":"https:\/\/marc-marti.com\/wp-content\/uploads\/2025\/06\/LOGOS-MM-CAT.jpg","datePublished":"2025-06-30T10:45:19+00:00","dateModified":"2025-06-30T10:55:14+00:00","author":{"@id":"https:\/\/marc-marti.com\/#\/schema\/person\/262d6567e492ec82fd3b79d1ec6b1878"},"breadcrumb":{"@id":"https:\/\/marc-marti.com\/ca\/marc-marti-la-potencia-visual-que-dona-vida-a-les-teves-idees\/#breadcrumb"},"inLanguage":"ca","potentialAction":[{"@type":"ReadAction","target":["https:\/\/marc-marti.com\/ca\/marc-marti-la-potencia-visual-que-dona-vida-a-les-teves-idees\/"]}]},{"@type":"ImageObject","inLanguage":"ca","@id":"https:\/\/marc-marti.com\/ca\/marc-marti-la-potencia-visual-que-dona-vida-a-les-teves-idees\/#primaryimage","url":"https:\/\/marc-marti.com\/wp-content\/uploads\/2025\/06\/LOGOS-MM-CAT.jpg","contentUrl":"https:\/\/marc-marti.com\/wp-content\/uploads\/2025\/06\/LOGOS-MM-CAT.jpg","width":1024,"height":1202},{"@type":"BreadcrumbList","@id":"https:\/\/marc-marti.com\/ca\/marc-marti-la-potencia-visual-que-dona-vida-a-les-teves-idees\/#breadcrumb","itemListElement":[{"@type":"ListItem","position":1,"name":"Portada","item":"https:\/\/marc-marti.com\/ca\/"},{"@type":"ListItem","position":2,"name":"Marc Mart\u00ed: la for\u00e7a visual que d\u00f3na vida a les teves idees"}]},{"@type":"WebSite","@id":"https:\/\/marc-marti.com\/#website","url":"https:\/\/marc-marti.com\/","name":"Marc-Mart\u00ed","description":"Impresi\u00f3n digital gran formato","potentialAction":[{"@type":"SearchAction","target":{"@type":"EntryPoint","urlTemplate":"https:\/\/marc-marti.com\/?s={search_term_string}"},"query-input":{"@type":"PropertyValueSpecification","valueRequired":true,"valueName":"search_term_string"}}],"inLanguage":"ca"},{"@type":"Person","@id":"https:\/\/marc-marti.com\/#\/schema\/person\/262d6567e492ec82fd3b79d1ec6b1878","name":"gerard"}]}},"_links":{"self":[{"href":"https:\/\/marc-marti.com\/ca\/wp-json\/wp\/v2\/posts\/3333","targetHints":{"allow":["GET"]}}],"collection":[{"href":"https:\/\/marc-marti.com\/ca\/wp-json\/wp\/v2\/posts"}],"about":[{"href":"https:\/\/marc-marti.com\/ca\/wp-json\/wp\/v2\/types\/post"}],"author":[{"embeddable":true,"href":"https:\/\/marc-marti.com\/ca\/wp-json\/wp\/v2\/users\/2"}],"replies":[{"embeddable":true,"href":"https:\/\/marc-marti.com\/ca\/wp-json\/wp\/v2\/comments?post=3333"}],"version-history":[{"count":0,"href":"https:\/\/marc-marti.com\/ca\/wp-json\/wp\/v2\/posts\/3333\/revisions"}],"wp:featuredmedia":[{"embeddable":true,"href":"https:\/\/marc-marti.com\/ca\/wp-json\/wp\/v2\/media\/3335"}],"wp:attachment":[{"href":"https:\/\/marc-marti.com\/ca\/wp-json\/wp\/v2\/media?parent=3333"}],"wp:term":[{"taxonomy":"category","embeddable":true,"href":"https:\/\/marc-marti.com\/ca\/wp-json\/wp\/v2\/categories?post=3333"},{"taxonomy":"post_tag","embeddable":true,"href":"https:\/\/marc-marti.com\/ca\/wp-json\/wp\/v2\/tags?post=3333"}],"curies":[{"name":"wp","href":"https:\/\/api.w.org\/{rel}","templated":true}]}}