{"id":3383,"date":"2025-10-08T10:52:03","date_gmt":"2025-10-08T08:52:03","guid":{"rendered":"https:\/\/marc-marti.com\/marc-marti-impresor-oficial-de-kronos-art-bcn-2025\/"},"modified":"2025-10-08T10:53:26","modified_gmt":"2025-10-08T08:53:26","slug":"marc-marti-impressor-oficial-del-kronos-art-bcn-2025","status":"publish","type":"post","link":"https:\/\/marc-marti.com\/ca\/marc-marti-impressor-oficial-del-kronos-art-bcn-2025\/","title":{"rendered":"MARC MART\u00cd, IMPRESSOR OFICIAL DE KRONOS ART BCN 2025\u00a0"},"content":{"rendered":"<p data-start=\"67\" data-end=\"241\">Un any m\u00e9s, <strong data-start=\"79\" data-end=\"93\">MARC MART\u00cd<\/strong> \u00e9s l\u2019<strong data-start=\"99\" data-end=\"147\">impresor oficial del festival KRONOS ART BCN<\/strong>, reafirmant el nostre comprom\u00eds amb la difusi\u00f3 i el suport a l\u2019art contemporani i emergent.<\/p>\n<p data-start=\"243\" data-end=\"374\">Estem <strong data-start=\"249\" data-end=\"311\">orgullosos de col\u00b7laborar amb el Festival d\u2019Art @ArtKronos<\/strong>, que omple Barcelona de talent, creativitat i noves mirades.<\/p>\n<p data-start=\"376\" data-end=\"475\">\ud83d\udcc5 Del <strong data-start=\"383\" data-end=\"412\">9 al 16 d\u2019octubre de 2025<\/strong><br data-start=\"412\" data-end=\"415\" \/>\ud83d\udccd <strong data-start=\"418\" data-end=\"432\">@Utopia126<\/strong> \u2013 C\/ de Sant Pere M\u00e9s Alt, 46, Barcelona<\/p>\n<p data-start=\"477\" data-end=\"603\" data-is-last-node=\"\" data-is-only-node=\"\">Veniu a gaudir de l\u2019art en totes les seves formes! \ud83d\udca5<br data-start=\"530\" data-end=\"533\" \/>\u00a0PER A + INFO: https:\/\/kronos-art.com\/bcn\/edition\/8-2025\/<\/p>\n<p data-start=\"483\" data-end=\"607\" data-is-last-node=\"\" data-is-only-node=\"\">\n","protected":false},"excerpt":{"rendered":"<p>Un any m\u00e9s, MARC MART\u00cd \u00e9s l\u2019impresor oficial del festival  [&#8230;]<\/p>\n","protected":false},"author":2,"featured_media":3380,"comment_status":"closed","ping_status":"open","sticky":false,"template":"","format":"standard","meta":{"footnotes":""},"categories":[24,22],"tags":[],"class_list":["post-3383","post","type-post","status-publish","format-standard","has-post-thumbnail","hentry","category-ferias-eventos-ca","category-noticias-ca"],"yoast_head":"<!-- This site is optimized with the Yoast SEO plugin v27.2 - https:\/\/yoast.com\/product\/yoast-seo-wordpress\/ -->\n<title>MARC MART\u00cd, IMPRESSOR OFICIAL DE KRONOS ART BCN 2025\u00a0 - Marc-Mart\u00ed<\/title>\n<meta name=\"robots\" content=\"index, follow, max-snippet:-1, max-image-preview:large, max-video-preview:-1\" \/>\n<link rel=\"canonical\" href=\"https:\/\/marc-marti.com\/ca\/marc-marti-impressor-oficial-del-kronos-art-bcn-2025\/\" \/>\n<meta property=\"og:locale\" content=\"ca_ES\" \/>\n<meta property=\"og:type\" content=\"article\" \/>\n<meta property=\"og:title\" content=\"MARC MART\u00cd, IMPRESSOR OFICIAL DE KRONOS ART BCN 2025\u00a0 - Marc-Mart\u00ed\" \/>\n<meta property=\"og:description\" content=\"Un any m\u00e9s, MARC MART\u00cd \u00e9s l\u2019impresor oficial del festival [...]\" \/>\n<meta property=\"og:url\" content=\"https:\/\/marc-marti.com\/ca\/marc-marti-impressor-oficial-del-kronos-art-bcn-2025\/\" \/>\n<meta property=\"og:site_name\" content=\"Marc-Mart\u00ed\" \/>\n<meta property=\"article:published_time\" content=\"2025-10-08T08:52:03+00:00\" \/>\n<meta property=\"article:modified_time\" content=\"2025-10-08T08:53:26+00:00\" \/>\n<meta property=\"og:image\" content=\"https:\/\/marc-marti.com\/wp-content\/uploads\/2025\/10\/05c34344-91ab-47df-9d12-7a4b14a21eff.jpg\" \/>\n\t<meta property=\"og:image:width\" content=\"1656\" \/>\n\t<meta property=\"og:image:height\" content=\"2048\" \/>\n\t<meta property=\"og:image:type\" content=\"image\/jpeg\" \/>\n<meta name=\"author\" content=\"gerard\" \/>\n<meta name=\"twitter:card\" content=\"summary_large_image\" \/>\n<meta name=\"twitter:label1\" content=\"Escrit per\" \/>\n\t<meta name=\"twitter:data1\" content=\"gerard\" \/>\n\t<meta name=\"twitter:label2\" content=\"Temps estimat de lectura\" \/>\n\t<meta name=\"twitter:data2\" content=\"1 minut\" \/>\n<script type=\"application\/ld+json\" class=\"yoast-schema-graph\">{\"@context\":\"https:\/\/schema.org\",\"@graph\":[{\"@type\":\"Article\",\"@id\":\"https:\/\/marc-marti.com\/ca\/marc-marti-impressor-oficial-del-kronos-art-bcn-2025\/#article\",\"isPartOf\":{\"@id\":\"https:\/\/marc-marti.com\/ca\/marc-marti-impressor-oficial-del-kronos-art-bcn-2025\/\"},\"author\":{\"name\":\"gerard\",\"@id\":\"https:\/\/marc-marti.com\/#\/schema\/person\/262d6567e492ec82fd3b79d1ec6b1878\"},\"headline\":\"MARC MART\u00cd, IMPRESSOR OFICIAL DE KRONOS ART BCN 2025\u00a0\",\"datePublished\":\"2025-10-08T08:52:03+00:00\",\"dateModified\":\"2025-10-08T08:53:26+00:00\",\"mainEntityOfPage\":{\"@id\":\"https:\/\/marc-marti.com\/ca\/marc-marti-impressor-oficial-del-kronos-art-bcn-2025\/\"},\"wordCount\":94,\"image\":{\"@id\":\"https:\/\/marc-marti.com\/ca\/marc-marti-impressor-oficial-del-kronos-art-bcn-2025\/#primaryimage\"},\"thumbnailUrl\":\"https:\/\/marc-marti.com\/wp-content\/uploads\/2025\/10\/05c34344-91ab-47df-9d12-7a4b14a21eff.jpg\",\"articleSection\":[\"Fires i esdeveniments\",\"Not\u00edcies\"],\"inLanguage\":\"ca\"},{\"@type\":\"WebPage\",\"@id\":\"https:\/\/marc-marti.com\/ca\/marc-marti-impressor-oficial-del-kronos-art-bcn-2025\/\",\"url\":\"https:\/\/marc-marti.com\/ca\/marc-marti-impressor-oficial-del-kronos-art-bcn-2025\/\",\"name\":\"MARC MART\u00cd, IMPRESSOR OFICIAL DE KRONOS ART BCN 2025\u00a0 - Marc-Mart\u00ed\",\"isPartOf\":{\"@id\":\"https:\/\/marc-marti.com\/#website\"},\"primaryImageOfPage\":{\"@id\":\"https:\/\/marc-marti.com\/ca\/marc-marti-impressor-oficial-del-kronos-art-bcn-2025\/#primaryimage\"},\"image\":{\"@id\":\"https:\/\/marc-marti.com\/ca\/marc-marti-impressor-oficial-del-kronos-art-bcn-2025\/#primaryimage\"},\"thumbnailUrl\":\"https:\/\/marc-marti.com\/wp-content\/uploads\/2025\/10\/05c34344-91ab-47df-9d12-7a4b14a21eff.jpg\",\"datePublished\":\"2025-10-08T08:52:03+00:00\",\"dateModified\":\"2025-10-08T08:53:26+00:00\",\"author\":{\"@id\":\"https:\/\/marc-marti.com\/#\/schema\/person\/262d6567e492ec82fd3b79d1ec6b1878\"},\"breadcrumb\":{\"@id\":\"https:\/\/marc-marti.com\/ca\/marc-marti-impressor-oficial-del-kronos-art-bcn-2025\/#breadcrumb\"},\"inLanguage\":\"ca\",\"potentialAction\":[{\"@type\":\"ReadAction\",\"target\":[\"https:\/\/marc-marti.com\/ca\/marc-marti-impressor-oficial-del-kronos-art-bcn-2025\/\"]}]},{\"@type\":\"ImageObject\",\"inLanguage\":\"ca\",\"@id\":\"https:\/\/marc-marti.com\/ca\/marc-marti-impressor-oficial-del-kronos-art-bcn-2025\/#primaryimage\",\"url\":\"https:\/\/marc-marti.com\/wp-content\/uploads\/2025\/10\/05c34344-91ab-47df-9d12-7a4b14a21eff.jpg\",\"contentUrl\":\"https:\/\/marc-marti.com\/wp-content\/uploads\/2025\/10\/05c34344-91ab-47df-9d12-7a4b14a21eff.jpg\",\"width\":1656,\"height\":2048,\"caption\":\"FESTIVAL DE ARTE KRONOS ART 2025\"},{\"@type\":\"BreadcrumbList\",\"@id\":\"https:\/\/marc-marti.com\/ca\/marc-marti-impressor-oficial-del-kronos-art-bcn-2025\/#breadcrumb\",\"itemListElement\":[{\"@type\":\"ListItem\",\"position\":1,\"name\":\"Portada\",\"item\":\"https:\/\/marc-marti.com\/ca\/\"},{\"@type\":\"ListItem\",\"position\":2,\"name\":\"MARC MART\u00cd, IMPRESSOR OFICIAL DE KRONOS ART BCN 2025\u00a0\"}]},{\"@type\":\"WebSite\",\"@id\":\"https:\/\/marc-marti.com\/#website\",\"url\":\"https:\/\/marc-marti.com\/\",\"name\":\"Marc-Mart\u00ed\",\"description\":\"Impresi\u00f3n digital gran formato\",\"potentialAction\":[{\"@type\":\"SearchAction\",\"target\":{\"@type\":\"EntryPoint\",\"urlTemplate\":\"https:\/\/marc-marti.com\/?s={search_term_string}\"},\"query-input\":{\"@type\":\"PropertyValueSpecification\",\"valueRequired\":true,\"valueName\":\"search_term_string\"}}],\"inLanguage\":\"ca\"},{\"@type\":\"Person\",\"@id\":\"https:\/\/marc-marti.com\/#\/schema\/person\/262d6567e492ec82fd3b79d1ec6b1878\",\"name\":\"gerard\"}]}<\/script>\n<!-- \/ Yoast SEO plugin. -->","yoast_head_json":{"title":"MARC MART\u00cd, IMPRESSOR OFICIAL DE KRONOS ART BCN 2025\u00a0 - Marc-Mart\u00ed","robots":{"index":"index","follow":"follow","max-snippet":"max-snippet:-1","max-image-preview":"max-image-preview:large","max-video-preview":"max-video-preview:-1"},"canonical":"https:\/\/marc-marti.com\/ca\/marc-marti-impressor-oficial-del-kronos-art-bcn-2025\/","og_locale":"ca_ES","og_type":"article","og_title":"MARC MART\u00cd, IMPRESSOR OFICIAL DE KRONOS ART BCN 2025\u00a0 - Marc-Mart\u00ed","og_description":"Un any m\u00e9s, MARC MART\u00cd \u00e9s l\u2019impresor oficial del festival [...]","og_url":"https:\/\/marc-marti.com\/ca\/marc-marti-impressor-oficial-del-kronos-art-bcn-2025\/","og_site_name":"Marc-Mart\u00ed","article_published_time":"2025-10-08T08:52:03+00:00","article_modified_time":"2025-10-08T08:53:26+00:00","og_image":[{"width":1656,"height":2048,"url":"https:\/\/marc-marti.com\/wp-content\/uploads\/2025\/10\/05c34344-91ab-47df-9d12-7a4b14a21eff.jpg","type":"image\/jpeg"}],"author":"gerard","twitter_card":"summary_large_image","twitter_misc":{"Escrit per":"gerard","Temps estimat de lectura":"1 minut"},"schema":{"@context":"https:\/\/schema.org","@graph":[{"@type":"Article","@id":"https:\/\/marc-marti.com\/ca\/marc-marti-impressor-oficial-del-kronos-art-bcn-2025\/#article","isPartOf":{"@id":"https:\/\/marc-marti.com\/ca\/marc-marti-impressor-oficial-del-kronos-art-bcn-2025\/"},"author":{"name":"gerard","@id":"https:\/\/marc-marti.com\/#\/schema\/person\/262d6567e492ec82fd3b79d1ec6b1878"},"headline":"MARC MART\u00cd, IMPRESSOR OFICIAL DE KRONOS ART BCN 2025\u00a0","datePublished":"2025-10-08T08:52:03+00:00","dateModified":"2025-10-08T08:53:26+00:00","mainEntityOfPage":{"@id":"https:\/\/marc-marti.com\/ca\/marc-marti-impressor-oficial-del-kronos-art-bcn-2025\/"},"wordCount":94,"image":{"@id":"https:\/\/marc-marti.com\/ca\/marc-marti-impressor-oficial-del-kronos-art-bcn-2025\/#primaryimage"},"thumbnailUrl":"https:\/\/marc-marti.com\/wp-content\/uploads\/2025\/10\/05c34344-91ab-47df-9d12-7a4b14a21eff.jpg","articleSection":["Fires i esdeveniments","Not\u00edcies"],"inLanguage":"ca"},{"@type":"WebPage","@id":"https:\/\/marc-marti.com\/ca\/marc-marti-impressor-oficial-del-kronos-art-bcn-2025\/","url":"https:\/\/marc-marti.com\/ca\/marc-marti-impressor-oficial-del-kronos-art-bcn-2025\/","name":"MARC MART\u00cd, IMPRESSOR OFICIAL DE KRONOS ART BCN 2025\u00a0 - Marc-Mart\u00ed","isPartOf":{"@id":"https:\/\/marc-marti.com\/#website"},"primaryImageOfPage":{"@id":"https:\/\/marc-marti.com\/ca\/marc-marti-impressor-oficial-del-kronos-art-bcn-2025\/#primaryimage"},"image":{"@id":"https:\/\/marc-marti.com\/ca\/marc-marti-impressor-oficial-del-kronos-art-bcn-2025\/#primaryimage"},"thumbnailUrl":"https:\/\/marc-marti.com\/wp-content\/uploads\/2025\/10\/05c34344-91ab-47df-9d12-7a4b14a21eff.jpg","datePublished":"2025-10-08T08:52:03+00:00","dateModified":"2025-10-08T08:53:26+00:00","author":{"@id":"https:\/\/marc-marti.com\/#\/schema\/person\/262d6567e492ec82fd3b79d1ec6b1878"},"breadcrumb":{"@id":"https:\/\/marc-marti.com\/ca\/marc-marti-impressor-oficial-del-kronos-art-bcn-2025\/#breadcrumb"},"inLanguage":"ca","potentialAction":[{"@type":"ReadAction","target":["https:\/\/marc-marti.com\/ca\/marc-marti-impressor-oficial-del-kronos-art-bcn-2025\/"]}]},{"@type":"ImageObject","inLanguage":"ca","@id":"https:\/\/marc-marti.com\/ca\/marc-marti-impressor-oficial-del-kronos-art-bcn-2025\/#primaryimage","url":"https:\/\/marc-marti.com\/wp-content\/uploads\/2025\/10\/05c34344-91ab-47df-9d12-7a4b14a21eff.jpg","contentUrl":"https:\/\/marc-marti.com\/wp-content\/uploads\/2025\/10\/05c34344-91ab-47df-9d12-7a4b14a21eff.jpg","width":1656,"height":2048,"caption":"FESTIVAL DE ARTE KRONOS ART 2025"},{"@type":"BreadcrumbList","@id":"https:\/\/marc-marti.com\/ca\/marc-marti-impressor-oficial-del-kronos-art-bcn-2025\/#breadcrumb","itemListElement":[{"@type":"ListItem","position":1,"name":"Portada","item":"https:\/\/marc-marti.com\/ca\/"},{"@type":"ListItem","position":2,"name":"MARC MART\u00cd, IMPRESSOR OFICIAL DE KRONOS ART BCN 2025\u00a0"}]},{"@type":"WebSite","@id":"https:\/\/marc-marti.com\/#website","url":"https:\/\/marc-marti.com\/","name":"Marc-Mart\u00ed","description":"Impresi\u00f3n digital gran formato","potentialAction":[{"@type":"SearchAction","target":{"@type":"EntryPoint","urlTemplate":"https:\/\/marc-marti.com\/?s={search_term_string}"},"query-input":{"@type":"PropertyValueSpecification","valueRequired":true,"valueName":"search_term_string"}}],"inLanguage":"ca"},{"@type":"Person","@id":"https:\/\/marc-marti.com\/#\/schema\/person\/262d6567e492ec82fd3b79d1ec6b1878","name":"gerard"}]}},"_links":{"self":[{"href":"https:\/\/marc-marti.com\/ca\/wp-json\/wp\/v2\/posts\/3383","targetHints":{"allow":["GET"]}}],"collection":[{"href":"https:\/\/marc-marti.com\/ca\/wp-json\/wp\/v2\/posts"}],"about":[{"href":"https:\/\/marc-marti.com\/ca\/wp-json\/wp\/v2\/types\/post"}],"author":[{"embeddable":true,"href":"https:\/\/marc-marti.com\/ca\/wp-json\/wp\/v2\/users\/2"}],"replies":[{"embeddable":true,"href":"https:\/\/marc-marti.com\/ca\/wp-json\/wp\/v2\/comments?post=3383"}],"version-history":[{"count":0,"href":"https:\/\/marc-marti.com\/ca\/wp-json\/wp\/v2\/posts\/3383\/revisions"}],"wp:featuredmedia":[{"embeddable":true,"href":"https:\/\/marc-marti.com\/ca\/wp-json\/wp\/v2\/media\/3380"}],"wp:attachment":[{"href":"https:\/\/marc-marti.com\/ca\/wp-json\/wp\/v2\/media?parent=3383"}],"wp:term":[{"taxonomy":"category","embeddable":true,"href":"https:\/\/marc-marti.com\/ca\/wp-json\/wp\/v2\/categories?post=3383"},{"taxonomy":"post_tag","embeddable":true,"href":"https:\/\/marc-marti.com\/ca\/wp-json\/wp\/v2\/tags?post=3383"}],"curies":[{"name":"wp","href":"https:\/\/api.w.org\/{rel}","templated":true}]}}