{"id":3603,"date":"2026-03-25T10:34:52","date_gmt":"2026-03-25T09:34:52","guid":{"rendered":"https:\/\/marc-marti.com\/?p=3603"},"modified":"2026-03-19T11:37:53","modified_gmt":"2026-03-19T10:37:53","slug":"retolacio-impressio-integral-gijon-premier-padel-p2-2026","status":"publish","type":"post","link":"https:\/\/marc-marti.com\/ca\/retolacio-impressio-integral-gijon-premier-padel-p2-2026\/","title":{"rendered":"Retolaci\u00f3 integral del Gij\u00f3n Premier Padel P2 2026: aix\u00ed es construeix la imatge visual d&#8217;un gran torneig"},"content":{"rendered":"<h2>Del 1 al 8 de mar\u00e7 de 2026, Gij\u00f3n va tornar a situar-se al focus del p\u00e0del internacional amb la celebraci\u00f3 del Gij\u00f3n Premier Padel P2<\/h2>\n<p>Del 1 al 8 de mar\u00e7 de 2026, Gij\u00f3n va tornar a situar-se al focus del p\u00e0del internacional amb la celebraci\u00f3 del Gij\u00f3n Premier Padel P2, una de les grans cites del calendari i la primera prova oficial del Qatar Airways Premier Padel Tour 2026 a Espanya. El torneig es va celebrar al Palacio de Deportes de La Gu\u00eda \u2013 Presidente Adolfo Su\u00e1rez, consolidant la ciutat asturiana com a seu d\u2019un esdeveniment de primer nivell.<\/p>\n<p>En una competici\u00f3 d\u2019aquest nivell, l\u2019experi\u00e8ncia del p\u00fablic no dep\u00e8n nom\u00e9s del que passa dins de la pista. La identitat visual, la senyal\u00e8tica, el branding del recinte i la producci\u00f3 gr\u00e0fica exterior i interior s\u00f3n determinants perqu\u00e8 l\u2019esdeveniment es percebi com una gran marca. En aquesta edici\u00f3, a Marc Mart\u00ed ens vam encarregar de la retolaci\u00f3 i impressi\u00f3 de tota la imatge de l\u2019esdeveniment, aportant una soluci\u00f3 integral de producci\u00f3 visual capa\u00e7 d\u2019acompanyar el torneig des de l\u2019acc\u00e9s exterior fins al cor del pavell\u00f3.<\/p>\n<h2>Un torneig internacional que exigia una imatge a l\u2019altura<\/h2>\n<p>El Gij\u00f3n Premier Padel P2 va reunir durant tota una setmana algunes de les principals figures del circuit i va convertir el recinte en un gran aparador esportiu i medi\u00e0tic. L\u2019organitzaci\u00f3 va presentar el torneig com una de les grans cites del p\u00e0del mundial i la resposta del p\u00fablic va ser excel\u00b7lent, amb una jornada final de gran ambient i entrades exhaurides, segons la informaci\u00f3 oficial de l\u2019esdeveniment.<\/p>\n<p>Aquest context fa que la retolaci\u00f3 d\u2019un esdeveniment esportiu no es pugui entendre com un simple conjunt de peces impreses. Parlem d\u2019una aut\u00e8ntica infraestructura de comunicaci\u00f3 visual que ha de complir diverses funcions alhora:<\/p>\n<ul>\n<li>Refor\u00e7ar la identitat del torneig.<\/li>\n<li>Millorar l\u2019experi\u00e8ncia dels assistents, jugadors i patrocinadors.<\/li>\n<li>Multiplicar l\u2019impacte fotogr\u00e0fic i audiovisual.<\/li>\n<li>Garantir uniformitat visual en tots els punts de contacte.<\/li>\n<\/ul>\n<p>En esdeveniments d\u2019alt tr\u00e0nsit i alta exposici\u00f3 medi\u00e0tica, cada suport gr\u00e0fic compta.<\/p>\n<h2>La import\u00e0ncia d\u2019una retolaci\u00f3 integral en esdeveniments esportius<\/h2>\n<p>Quan una ciutat acull una prova del circuit Premier Padel, la imatge del torneig comen\u00e7a molt abans d\u2019entrar al pavell\u00f3. La comunicaci\u00f3 visual s\u2019inicia a l\u2019exterior amb banderoles de gran format, pensades per generar visibilitat urbana, anunciar l\u2019arribada de l\u2019esdeveniment i convertir l\u2019entorn en una extensi\u00f3 de la competici\u00f3.<\/p>\n<p>Aquest tipus de suports compleix una doble funci\u00f3 estrat\u00e8gica: d\u2019una banda, treballa l\u2019impacte de marca sobre el territori; de l\u2019altra, crea una sensaci\u00f3 d\u2019esdeveniment. Abans fins i tot d\u2019accedir al recinte, el visitant ja identifica colors, missatges, patrocinadors i l\u2019est\u00e8tica del campionat.<\/p>\n<p>Ja a l\u2019interior, la producci\u00f3 gr\u00e0fica esdev\u00e9 encara m\u00e9s important. A les imatges del muntatge s\u2019hi poden apreciar diferents elements clau de la intervenci\u00f3 realitzada:<\/p>\n<ul>\n<li>Banderoles i lones exteriors de benvinguda.<\/li>\n<li>Gr\u00e0fica d\u2019acc\u00e9s i recepci\u00f3.<\/li>\n<li>Fons d\u2019entrevistes i photocalls per a mitjans.<\/li>\n<li>Branding a les graderies i espais interiors.<\/li>\n<li>Retolaci\u00f3 de pistes i per\u00edmetres.<\/li>\n<li>Senyal\u00e8tica corporativa i peces d\u2019ambientaci\u00f3.<\/li>\n<li>Diferents suports visuals per integrar patrocinadors i organitzaci\u00f3.<\/li>\n<\/ul>\n<p>El resultat \u00e9s una experi\u00e8ncia visual coherent, reconeixible i preparada tant per al p\u00fablic presencial com per a la difusi\u00f3 en fotografia, televisi\u00f3, xarxes socials i premsa.<\/p>\n<h2>Qu\u00e8 aporta Marc Mart\u00ed en un esdeveniment d\u2019aquestes dimensions<\/h2>\n<p>En projectes com aquest, el valor no rau nom\u00e9s a imprimir b\u00e9. Rau a saber transformar una identitat gr\u00e0fica en un sistema real, instal\u00b7lable i resistent, capa\u00e7 de funcionar en temps de muntatge molt exigents i en espais amb necessitats t\u00e8cniques espec\u00edfiques.<\/p>\n<p>Aqu\u00ed \u00e9s on una empresa especialitzada en impressi\u00f3 de gran format per a esdeveniments marca la difer\u00e8ncia. A Marc Mart\u00ed treballem aquest tipus de produccions des d\u2019una visi\u00f3 integral:<\/p>\n<ul>\n<li>Estudi de l\u2019espai i dels suports.<\/li>\n<li>Adaptaci\u00f3 dels arts finals a producci\u00f3.<\/li>\n<li>Fabricaci\u00f3 en gran format.<\/li>\n<li>Control d\u2019acabats i materials.<\/li>\n<li>Log\u00edstica.<\/li>\n<li>Instal\u00b7laci\u00f3 final in situ.<\/li>\n<li>Retirada de materials post-esdeveniment.<\/li>\n<\/ul>\n<p>No es tracta nom\u00e9s de \u201cposar gr\u00e0fica\u201d, sin\u00f3 de construir una posada en escena que funcioni visualment, t\u00e8cnicament i operativament.<\/p>\n<h2>A Marc Mart\u00ed donem forma visual als esdeveniments<\/h2>\n<p>Fires, tornejos, congressos, festivals, activacions de marca, competicions esportives o espais ef\u00edmers: cada esdeveniment necessita una producci\u00f3 gr\u00e0fica que estigui a l\u2019altura de la seva ambici\u00f3.<\/p>\n<p>A Marc Mart\u00ed desenvolupem projectes d\u2019impressi\u00f3 de gran format, retolaci\u00f3, senyal\u00e8tica i comunicaci\u00f3 visual per convertir espais en experi\u00e8ncies de marca memorables. La feina realitzada al Gij\u00f3n Premier Padel P2 2026 \u00e9s un bon exemple de com la producci\u00f3 visual adequada pot transformar completament la percepci\u00f3 d\u2019un esdeveniment.<\/p>\n<p><strong>Necessites una empresa especialitzada en retolaci\u00f3 i impressi\u00f3 integral per a esdeveniments esportius o corporatius?<\/strong><br \/>\nA Marc Mart\u00ed t\u2019ajudem a produir una imatge s\u00f2lida, impactant i perfectament executada de principi a fi.<\/p>\n\n\t\t<style type=\"text\/css\">\n\t\t\t#gallery-1 {\n\t\t\t\tmargin: auto;\n\t\t\t}\n\t\t\t#gallery-1 .gallery-item {\n\t\t\t\tfloat: left;\n\t\t\t\tmargin-top: 10px;\n\t\t\t\ttext-align: center;\n\t\t\t\twidth: 100%;\n\t\t\t}\n\t\t\t#gallery-1 img {\n\t\t\t\tborder: 2px solid #cfcfcf;\n\t\t\t}\n\t\t\t#gallery-1 .gallery-caption {\n\t\t\t\tmargin-left: 0;\n\t\t\t}\n\t\t\t\/* see gallery_shortcode() in wp-includes\/media.php *\/\n\t\t<\/style>\n\t\t<div id='gallery-1' class='gallery galleryid-3603 gallery-columns-1 gallery-size-large'><dl class='gallery-item'>\n\t\t\t<dt class='gallery-icon landscape'>\n\t\t\t\t<a data-rel=\"iLightbox[postimages]\" data-title=\"banderolas-gijon-premier-padel-p2-marc-marti\" data-caption=\"banderolas-gijon-premier-padel-p2-marc-marti\" href='https:\/\/marc-marti.com\/ca\/banderolas-gijon-premier-padel-p2-marc-marti\/'><img decoding=\"async\" width=\"1024\" height=\"682\" src=\"https:\/\/marc-marti.com\/wp-content\/uploads\/2026\/03\/banderolas-gijon-premier-padel-p2-marc-marti-1024x682.jpeg\" class=\"attachment-large size-large\" alt=\"banderolas-gijon-premier-padel-p2-marc-marti\" aria-describedby=\"gallery-1-3591\" srcset=\"https:\/\/marc-marti.com\/wp-content\/uploads\/2026\/03\/banderolas-gijon-premier-padel-p2-marc-marti-200x133.jpeg 200w, https:\/\/marc-marti.com\/wp-content\/uploads\/2026\/03\/banderolas-gijon-premier-padel-p2-marc-marti-300x200.jpeg 300w, https:\/\/marc-marti.com\/wp-content\/uploads\/2026\/03\/banderolas-gijon-premier-padel-p2-marc-marti-400x267.jpeg 400w, https:\/\/marc-marti.com\/wp-content\/uploads\/2026\/03\/banderolas-gijon-premier-padel-p2-marc-marti-600x400.jpeg 600w, https:\/\/marc-marti.com\/wp-content\/uploads\/2026\/03\/banderolas-gijon-premier-padel-p2-marc-marti-768x512.jpeg 768w, https:\/\/marc-marti.com\/wp-content\/uploads\/2026\/03\/banderolas-gijon-premier-padel-p2-marc-marti-800x533.jpeg 800w, https:\/\/marc-marti.com\/wp-content\/uploads\/2026\/03\/banderolas-gijon-premier-padel-p2-marc-marti-1024x682.jpeg 1024w, https:\/\/marc-marti.com\/wp-content\/uploads\/2026\/03\/banderolas-gijon-premier-padel-p2-marc-marti-1200x800.jpeg 1200w, https:\/\/marc-marti.com\/wp-content\/uploads\/2026\/03\/banderolas-gijon-premier-padel-p2-marc-marti-1536x1023.jpeg 1536w, https:\/\/marc-marti.com\/wp-content\/uploads\/2026\/03\/banderolas-gijon-premier-padel-p2-marc-marti.jpeg 1600w\" sizes=\"(max-width: 1024px) 100vw, 1024px\" \/><\/a>\n\t\t\t<\/dt>\n\t\t\t\t<dd class='wp-caption-text gallery-caption' id='gallery-1-3591'>\n\t\t\t\tbanderolas-gijon-premier-padel-p2-marc-marti\n\t\t\t\t<\/dd><\/dl><br style=\"clear: both\" \/><dl class='gallery-item'>\n\t\t\t<dt class='gallery-icon landscape'>\n\t\t\t\t<a data-rel=\"iLightbox[postimages]\" data-title=\"branding-pista-gijon-premier-padel-p2\" data-caption=\"branding-pista-gijon-premier-padel-p2\" href='https:\/\/marc-marti.com\/ca\/branding-pista-gijon-premier-padel-p2\/'><img decoding=\"async\" width=\"1024\" height=\"682\" src=\"https:\/\/marc-marti.com\/wp-content\/uploads\/2026\/03\/branding-pista-gijon-premier-padel-p2-1024x682.jpeg\" class=\"attachment-large size-large\" alt=\"branding-pista-gijon-premier-padel-p2\" aria-describedby=\"gallery-1-3592\" srcset=\"https:\/\/marc-marti.com\/wp-content\/uploads\/2026\/03\/branding-pista-gijon-premier-padel-p2-200x133.jpeg 200w, https:\/\/marc-marti.com\/wp-content\/uploads\/2026\/03\/branding-pista-gijon-premier-padel-p2-300x200.jpeg 300w, https:\/\/marc-marti.com\/wp-content\/uploads\/2026\/03\/branding-pista-gijon-premier-padel-p2-400x267.jpeg 400w, https:\/\/marc-marti.com\/wp-content\/uploads\/2026\/03\/branding-pista-gijon-premier-padel-p2-600x400.jpeg 600w, https:\/\/marc-marti.com\/wp-content\/uploads\/2026\/03\/branding-pista-gijon-premier-padel-p2-768x512.jpeg 768w, https:\/\/marc-marti.com\/wp-content\/uploads\/2026\/03\/branding-pista-gijon-premier-padel-p2-800x533.jpeg 800w, https:\/\/marc-marti.com\/wp-content\/uploads\/2026\/03\/branding-pista-gijon-premier-padel-p2-1024x682.jpeg 1024w, https:\/\/marc-marti.com\/wp-content\/uploads\/2026\/03\/branding-pista-gijon-premier-padel-p2-1200x800.jpeg 1200w, https:\/\/marc-marti.com\/wp-content\/uploads\/2026\/03\/branding-pista-gijon-premier-padel-p2-1536x1023.jpeg 1536w, https:\/\/marc-marti.com\/wp-content\/uploads\/2026\/03\/branding-pista-gijon-premier-padel-p2.jpeg 1600w\" sizes=\"(max-width: 1024px) 100vw, 1024px\" \/><\/a>\n\t\t\t<\/dt>\n\t\t\t\t<dd class='wp-caption-text gallery-caption' id='gallery-1-3592'>\n\t\t\t\tbranding-pista-gijon-premier-padel-p2\n\t\t\t\t<\/dd><\/dl><br style=\"clear: both\" \/><dl class='gallery-item'>\n\t\t\t<dt class='gallery-icon landscape'>\n\t\t\t\t<a data-rel=\"iLightbox[postimages]\" data-title=\"branding-pista-mar-marti\" data-caption=\"branding-pista-mar-marti\" href='https:\/\/marc-marti.com\/ca\/branding-pista-mar-marti\/'><img decoding=\"async\" width=\"1024\" height=\"682\" src=\"https:\/\/marc-marti.com\/wp-content\/uploads\/2026\/03\/branding-pista-mar-marti-1024x682.jpeg\" class=\"attachment-large size-large\" alt=\"branding-pista-mar-marti\" aria-describedby=\"gallery-1-3593\" srcset=\"https:\/\/marc-marti.com\/wp-content\/uploads\/2026\/03\/branding-pista-mar-marti-200x133.jpeg 200w, https:\/\/marc-marti.com\/wp-content\/uploads\/2026\/03\/branding-pista-mar-marti-300x200.jpeg 300w, https:\/\/marc-marti.com\/wp-content\/uploads\/2026\/03\/branding-pista-mar-marti-400x267.jpeg 400w, https:\/\/marc-marti.com\/wp-content\/uploads\/2026\/03\/branding-pista-mar-marti-600x400.jpeg 600w, https:\/\/marc-marti.com\/wp-content\/uploads\/2026\/03\/branding-pista-mar-marti-768x512.jpeg 768w, https:\/\/marc-marti.com\/wp-content\/uploads\/2026\/03\/branding-pista-mar-marti-800x533.jpeg 800w, https:\/\/marc-marti.com\/wp-content\/uploads\/2026\/03\/branding-pista-mar-marti-1024x682.jpeg 1024w, https:\/\/marc-marti.com\/wp-content\/uploads\/2026\/03\/branding-pista-mar-marti-1200x800.jpeg 1200w, https:\/\/marc-marti.com\/wp-content\/uploads\/2026\/03\/branding-pista-mar-marti-1536x1023.jpeg 1536w, https:\/\/marc-marti.com\/wp-content\/uploads\/2026\/03\/branding-pista-mar-marti.jpeg 1600w\" sizes=\"(max-width: 1024px) 100vw, 1024px\" \/><\/a>\n\t\t\t<\/dt>\n\t\t\t\t<dd class='wp-caption-text gallery-caption' id='gallery-1-3593'>\n\t\t\t\tbranding-pista-mar-marti\n\t\t\t\t<\/dd><\/dl><br style=\"clear: both\" \/><dl class='gallery-item'>\n\t\t\t<dt class='gallery-icon portrait'>\n\t\t\t\t<a data-rel=\"iLightbox[postimages]\" data-title=\"photocall-premier-padel-gijon-marc-marti\" data-caption=\"photocall-premier-padel-gijon-marc-marti\" href='https:\/\/marc-marti.com\/ca\/photocall-premier-padel-gijon-marc-marti\/'><img decoding=\"async\" width=\"682\" height=\"1024\" src=\"https:\/\/marc-marti.com\/wp-content\/uploads\/2026\/03\/photocall-premier-padel-gijon-marc-marti-682x1024.jpeg\" class=\"attachment-large size-large\" alt=\"photocall-premier-padel-gijon-marc-marti\" aria-describedby=\"gallery-1-3594\" srcset=\"https:\/\/marc-marti.com\/wp-content\/uploads\/2026\/03\/photocall-premier-padel-gijon-marc-marti-200x300.jpeg 200w, https:\/\/marc-marti.com\/wp-content\/uploads\/2026\/03\/photocall-premier-padel-gijon-marc-marti-400x600.jpeg 400w, https:\/\/marc-marti.com\/wp-content\/uploads\/2026\/03\/photocall-premier-padel-gijon-marc-marti-600x901.jpeg 600w, https:\/\/marc-marti.com\/wp-content\/uploads\/2026\/03\/photocall-premier-padel-gijon-marc-marti-682x1024.jpeg 682w, https:\/\/marc-marti.com\/wp-content\/uploads\/2026\/03\/photocall-premier-padel-gijon-marc-marti-768x1153.jpeg 768w, https:\/\/marc-marti.com\/wp-content\/uploads\/2026\/03\/photocall-premier-padel-gijon-marc-marti-800x1201.jpeg 800w, https:\/\/marc-marti.com\/wp-content\/uploads\/2026\/03\/photocall-premier-padel-gijon-marc-marti-1023x1536.jpeg 1023w, https:\/\/marc-marti.com\/wp-content\/uploads\/2026\/03\/photocall-premier-padel-gijon-marc-marti.jpeg 1066w\" sizes=\"(max-width: 682px) 100vw, 682px\" \/><\/a>\n\t\t\t<\/dt>\n\t\t\t\t<dd class='wp-caption-text gallery-caption' id='gallery-1-3594'>\n\t\t\t\tphotocall-premier-padel-gijon-marc-marti\n\t\t\t\t<\/dd><\/dl><br style=\"clear: both\" \/><dl class='gallery-item'>\n\t\t\t<dt class='gallery-icon landscape'>\n\t\t\t\t<a data-rel=\"iLightbox[postimages]\" data-title=\"vinilos-y-rotulacion-evento-deportivo-marc-marti\" data-caption=\"vinilos-y-rotulacion-evento-deportivo-marc-marti\" href='https:\/\/marc-marti.com\/ca\/vinilos-y-rotulacion-evento-deportivo-marc-marti\/'><img decoding=\"async\" width=\"1024\" height=\"682\" src=\"https:\/\/marc-marti.com\/wp-content\/uploads\/2026\/03\/vinilos-y-rotulacion-evento-deportivo-marc-marti-1024x682.jpeg\" class=\"attachment-large size-large\" alt=\"vinilos-y-rotulacion-evento-deportivo-marc-marti\" aria-describedby=\"gallery-1-3595\" srcset=\"https:\/\/marc-marti.com\/wp-content\/uploads\/2026\/03\/vinilos-y-rotulacion-evento-deportivo-marc-marti-200x133.jpeg 200w, https:\/\/marc-marti.com\/wp-content\/uploads\/2026\/03\/vinilos-y-rotulacion-evento-deportivo-marc-marti-300x200.jpeg 300w, https:\/\/marc-marti.com\/wp-content\/uploads\/2026\/03\/vinilos-y-rotulacion-evento-deportivo-marc-marti-400x267.jpeg 400w, https:\/\/marc-marti.com\/wp-content\/uploads\/2026\/03\/vinilos-y-rotulacion-evento-deportivo-marc-marti-600x400.jpeg 600w, https:\/\/marc-marti.com\/wp-content\/uploads\/2026\/03\/vinilos-y-rotulacion-evento-deportivo-marc-marti-768x512.jpeg 768w, https:\/\/marc-marti.com\/wp-content\/uploads\/2026\/03\/vinilos-y-rotulacion-evento-deportivo-marc-marti-800x533.jpeg 800w, https:\/\/marc-marti.com\/wp-content\/uploads\/2026\/03\/vinilos-y-rotulacion-evento-deportivo-marc-marti-1024x682.jpeg 1024w, https:\/\/marc-marti.com\/wp-content\/uploads\/2026\/03\/vinilos-y-rotulacion-evento-deportivo-marc-marti-1200x800.jpeg 1200w, https:\/\/marc-marti.com\/wp-content\/uploads\/2026\/03\/vinilos-y-rotulacion-evento-deportivo-marc-marti-1536x1023.jpeg 1536w, https:\/\/marc-marti.com\/wp-content\/uploads\/2026\/03\/vinilos-y-rotulacion-evento-deportivo-marc-marti.jpeg 1600w\" sizes=\"(max-width: 1024px) 100vw, 1024px\" \/><\/a>\n\t\t\t<\/dt>\n\t\t\t\t<dd class='wp-caption-text gallery-caption' id='gallery-1-3595'>\n\t\t\t\tvinilos-y-rotulacion-evento-deportivo-marc-marti\n\t\t\t\t<\/dd><\/dl><br style=\"clear: both\" \/><dl class='gallery-item'>\n\t\t\t<dt class='gallery-icon portrait'>\n\t\t\t\t<a data-rel=\"iLightbox[postimages]\" data-title=\"rotulacion-pista-central-premier-padel-gijon\" data-caption=\"rotulacion-pista-central-premier-padel-gijon\" href='https:\/\/marc-marti.com\/ca\/rotulacion-pista-central-premier-padel-gijon\/'><img decoding=\"async\" width=\"682\" height=\"1024\" src=\"https:\/\/marc-marti.com\/wp-content\/uploads\/2026\/03\/rotulacion-pista-central-premier-padel-gijon-682x1024.jpeg\" class=\"attachment-large size-large\" alt=\"rotulacion-pista-central-premier-padel-gijon\" aria-describedby=\"gallery-1-3596\" srcset=\"https:\/\/marc-marti.com\/wp-content\/uploads\/2026\/03\/rotulacion-pista-central-premier-padel-gijon-200x300.jpeg 200w, https:\/\/marc-marti.com\/wp-content\/uploads\/2026\/03\/rotulacion-pista-central-premier-padel-gijon-400x600.jpeg 400w, https:\/\/marc-marti.com\/wp-content\/uploads\/2026\/03\/rotulacion-pista-central-premier-padel-gijon-600x901.jpeg 600w, https:\/\/marc-marti.com\/wp-content\/uploads\/2026\/03\/rotulacion-pista-central-premier-padel-gijon-682x1024.jpeg 682w, https:\/\/marc-marti.com\/wp-content\/uploads\/2026\/03\/rotulacion-pista-central-premier-padel-gijon-768x1153.jpeg 768w, https:\/\/marc-marti.com\/wp-content\/uploads\/2026\/03\/rotulacion-pista-central-premier-padel-gijon-800x1201.jpeg 800w, https:\/\/marc-marti.com\/wp-content\/uploads\/2026\/03\/rotulacion-pista-central-premier-padel-gijon-1023x1536.jpeg 1023w, https:\/\/marc-marti.com\/wp-content\/uploads\/2026\/03\/rotulacion-pista-central-premier-padel-gijon.jpeg 1066w\" sizes=\"(max-width: 682px) 100vw, 682px\" \/><\/a>\n\t\t\t<\/dt>\n\t\t\t\t<dd class='wp-caption-text gallery-caption' id='gallery-1-3596'>\n\t\t\t\trotulacion-pista-central-premier-padel-gijon\n\t\t\t\t<\/dd><\/dl><br style=\"clear: both\" \/><dl class='gallery-item'>\n\t\t\t<dt class='gallery-icon landscape'>\n\t\t\t\t<a data-rel=\"iLightbox[postimages]\" data-title=\"rotulacion-interior-palacio-deportes-marc-marti\" data-caption=\"rotulacion-interior-palacio-deportes-marc-marti\" href='https:\/\/marc-marti.com\/ca\/rotulacion-interior-palacio-deportes-marc-marti\/'><img decoding=\"async\" width=\"1024\" height=\"682\" src=\"https:\/\/marc-marti.com\/wp-content\/uploads\/2026\/03\/rotulacion-interior-palacio-deportes-marc-marti-1024x682.jpeg\" class=\"attachment-large size-large\" alt=\"rotulacion-interior-palacio-deportes-marc-marti\" aria-describedby=\"gallery-1-3597\" srcset=\"https:\/\/marc-marti.com\/wp-content\/uploads\/2026\/03\/rotulacion-interior-palacio-deportes-marc-marti-200x133.jpeg 200w, https:\/\/marc-marti.com\/wp-content\/uploads\/2026\/03\/rotulacion-interior-palacio-deportes-marc-marti-300x200.jpeg 300w, https:\/\/marc-marti.com\/wp-content\/uploads\/2026\/03\/rotulacion-interior-palacio-deportes-marc-marti-400x267.jpeg 400w, https:\/\/marc-marti.com\/wp-content\/uploads\/2026\/03\/rotulacion-interior-palacio-deportes-marc-marti-600x400.jpeg 600w, https:\/\/marc-marti.com\/wp-content\/uploads\/2026\/03\/rotulacion-interior-palacio-deportes-marc-marti-768x512.jpeg 768w, https:\/\/marc-marti.com\/wp-content\/uploads\/2026\/03\/rotulacion-interior-palacio-deportes-marc-marti-800x533.jpeg 800w, https:\/\/marc-marti.com\/wp-content\/uploads\/2026\/03\/rotulacion-interior-palacio-deportes-marc-marti-1024x682.jpeg 1024w, https:\/\/marc-marti.com\/wp-content\/uploads\/2026\/03\/rotulacion-interior-palacio-deportes-marc-marti-1200x800.jpeg 1200w, https:\/\/marc-marti.com\/wp-content\/uploads\/2026\/03\/rotulacion-interior-palacio-deportes-marc-marti-1536x1023.jpeg 1536w, https:\/\/marc-marti.com\/wp-content\/uploads\/2026\/03\/rotulacion-interior-palacio-deportes-marc-marti.jpeg 1600w\" sizes=\"(max-width: 1024px) 100vw, 1024px\" \/><\/a>\n\t\t\t<\/dt>\n\t\t\t\t<dd class='wp-caption-text gallery-caption' id='gallery-1-3597'>\n\t\t\t\trotulacion-interior-palacio-deportes-marc-marti\n\t\t\t\t<\/dd><\/dl><br style=\"clear: both\" \/><dl class='gallery-item'>\n\t\t\t<dt class='gallery-icon landscape'>\n\t\t\t\t<a data-rel=\"iLightbox[postimages]\" data-title=\"photocall-premier-padel-gijon-marc-marti (2)\" data-caption=\"photocall-premier-padel-gijon-marc-marti\" href='https:\/\/marc-marti.com\/ca\/photocall-premier-padel-gijon-marc-marti-2\/'><img decoding=\"async\" width=\"1024\" height=\"682\" src=\"https:\/\/marc-marti.com\/wp-content\/uploads\/2026\/03\/photocall-premier-padel-gijon-marc-marti-2-1024x682.jpeg\" class=\"attachment-large size-large\" alt=\"photocall-premier-padel-gijon-marc-marti\" aria-describedby=\"gallery-1-3598\" srcset=\"https:\/\/marc-marti.com\/wp-content\/uploads\/2026\/03\/photocall-premier-padel-gijon-marc-marti-2-200x133.jpeg 200w, https:\/\/marc-marti.com\/wp-content\/uploads\/2026\/03\/photocall-premier-padel-gijon-marc-marti-2-300x200.jpeg 300w, https:\/\/marc-marti.com\/wp-content\/uploads\/2026\/03\/photocall-premier-padel-gijon-marc-marti-2-400x267.jpeg 400w, https:\/\/marc-marti.com\/wp-content\/uploads\/2026\/03\/photocall-premier-padel-gijon-marc-marti-2-600x400.jpeg 600w, https:\/\/marc-marti.com\/wp-content\/uploads\/2026\/03\/photocall-premier-padel-gijon-marc-marti-2-768x512.jpeg 768w, https:\/\/marc-marti.com\/wp-content\/uploads\/2026\/03\/photocall-premier-padel-gijon-marc-marti-2-800x533.jpeg 800w, https:\/\/marc-marti.com\/wp-content\/uploads\/2026\/03\/photocall-premier-padel-gijon-marc-marti-2-1024x682.jpeg 1024w, https:\/\/marc-marti.com\/wp-content\/uploads\/2026\/03\/photocall-premier-padel-gijon-marc-marti-2-1200x800.jpeg 1200w, https:\/\/marc-marti.com\/wp-content\/uploads\/2026\/03\/photocall-premier-padel-gijon-marc-marti-2-1536x1023.jpeg 1536w, https:\/\/marc-marti.com\/wp-content\/uploads\/2026\/03\/photocall-premier-padel-gijon-marc-marti-2.jpeg 1600w\" sizes=\"(max-width: 1024px) 100vw, 1024px\" \/><\/a>\n\t\t\t<\/dt>\n\t\t\t\t<dd class='wp-caption-text gallery-caption' id='gallery-1-3598'>\n\t\t\t\tphotocall-premier-padel-gijon-marc-marti\n\t\t\t\t<\/dd><\/dl><br style=\"clear: both\" \/><dl class='gallery-item'>\n\t\t\t<dt class='gallery-icon landscape'>\n\t\t\t\t<a data-rel=\"iLightbox[postimages]\" data-title=\"imagen-visual-torneo-padel-gijon-marc-marti\" data-caption=\"imagen-visual-torneo-padel-gijon-marc-marti\" href='https:\/\/marc-marti.com\/ca\/imagen-visual-torneo-padel-gijon-marc-marti\/'><img decoding=\"async\" width=\"1024\" height=\"682\" src=\"https:\/\/marc-marti.com\/wp-content\/uploads\/2026\/03\/imagen-visual-torneo-padel-gijon-marc-marti-1024x682.jpeg\" class=\"attachment-large size-large\" alt=\"imagen-visual-torneo-padel-gijon-marc-marti\" aria-describedby=\"gallery-1-3599\" srcset=\"https:\/\/marc-marti.com\/wp-content\/uploads\/2026\/03\/imagen-visual-torneo-padel-gijon-marc-marti-200x133.jpeg 200w, https:\/\/marc-marti.com\/wp-content\/uploads\/2026\/03\/imagen-visual-torneo-padel-gijon-marc-marti-300x200.jpeg 300w, https:\/\/marc-marti.com\/wp-content\/uploads\/2026\/03\/imagen-visual-torneo-padel-gijon-marc-marti-400x267.jpeg 400w, https:\/\/marc-marti.com\/wp-content\/uploads\/2026\/03\/imagen-visual-torneo-padel-gijon-marc-marti-600x400.jpeg 600w, https:\/\/marc-marti.com\/wp-content\/uploads\/2026\/03\/imagen-visual-torneo-padel-gijon-marc-marti-768x512.jpeg 768w, https:\/\/marc-marti.com\/wp-content\/uploads\/2026\/03\/imagen-visual-torneo-padel-gijon-marc-marti-800x533.jpeg 800w, https:\/\/marc-marti.com\/wp-content\/uploads\/2026\/03\/imagen-visual-torneo-padel-gijon-marc-marti-1024x682.jpeg 1024w, https:\/\/marc-marti.com\/wp-content\/uploads\/2026\/03\/imagen-visual-torneo-padel-gijon-marc-marti-1200x800.jpeg 1200w, https:\/\/marc-marti.com\/wp-content\/uploads\/2026\/03\/imagen-visual-torneo-padel-gijon-marc-marti-1536x1023.jpeg 1536w, https:\/\/marc-marti.com\/wp-content\/uploads\/2026\/03\/imagen-visual-torneo-padel-gijon-marc-marti.jpeg 1600w\" sizes=\"(max-width: 1024px) 100vw, 1024px\" \/><\/a>\n\t\t\t<\/dt>\n\t\t\t\t<dd class='wp-caption-text gallery-caption' id='gallery-1-3599'>\n\t\t\t\timagen-visual-torneo-padel-gijon-marc-marti\n\t\t\t\t<\/dd><\/dl><br style=\"clear: both\" \/><dl class='gallery-item'>\n\t\t\t<dt class='gallery-icon landscape'>\n\t\t\t\t<a data-rel=\"iLightbox[postimages]\" data-title=\"ambientacion-visual-evento-deportivo-marc-marti\" data-caption=\"ambientacion-visual-evento-deportivo-marc-marti\" href='https:\/\/marc-marti.com\/ca\/ambientacion-visual-evento-deportivo-marc-marti\/'><img decoding=\"async\" width=\"1024\" height=\"682\" src=\"https:\/\/marc-marti.com\/wp-content\/uploads\/2026\/03\/ambientacion-visual-evento-deportivo-marc-marti-1024x682.jpeg\" class=\"attachment-large size-large\" alt=\"ambientacion-visual-evento-deportivo-marc-marti\" aria-describedby=\"gallery-1-3600\" srcset=\"https:\/\/marc-marti.com\/wp-content\/uploads\/2026\/03\/ambientacion-visual-evento-deportivo-marc-marti-200x133.jpeg 200w, https:\/\/marc-marti.com\/wp-content\/uploads\/2026\/03\/ambientacion-visual-evento-deportivo-marc-marti-300x200.jpeg 300w, https:\/\/marc-marti.com\/wp-content\/uploads\/2026\/03\/ambientacion-visual-evento-deportivo-marc-marti-400x267.jpeg 400w, https:\/\/marc-marti.com\/wp-content\/uploads\/2026\/03\/ambientacion-visual-evento-deportivo-marc-marti-600x400.jpeg 600w, https:\/\/marc-marti.com\/wp-content\/uploads\/2026\/03\/ambientacion-visual-evento-deportivo-marc-marti-768x512.jpeg 768w, https:\/\/marc-marti.com\/wp-content\/uploads\/2026\/03\/ambientacion-visual-evento-deportivo-marc-marti-800x533.jpeg 800w, https:\/\/marc-marti.com\/wp-content\/uploads\/2026\/03\/ambientacion-visual-evento-deportivo-marc-marti-1024x682.jpeg 1024w, https:\/\/marc-marti.com\/wp-content\/uploads\/2026\/03\/ambientacion-visual-evento-deportivo-marc-marti-1200x800.jpeg 1200w, https:\/\/marc-marti.com\/wp-content\/uploads\/2026\/03\/ambientacion-visual-evento-deportivo-marc-marti-1536x1023.jpeg 1536w, https:\/\/marc-marti.com\/wp-content\/uploads\/2026\/03\/ambientacion-visual-evento-deportivo-marc-marti.jpeg 1600w\" sizes=\"(max-width: 1024px) 100vw, 1024px\" \/><\/a>\n\t\t\t<\/dt>\n\t\t\t\t<dd class='wp-caption-text gallery-caption' id='gallery-1-3600'>\n\t\t\t\tambientacion-visual-evento-deportivo-marc-marti\n\t\t\t\t<\/dd><\/dl><br style=\"clear: both\" \/><dl class='gallery-item'>\n\t\t\t<dt class='gallery-icon landscape'>\n\t\t\t\t<a data-rel=\"iLightbox[postimages]\" data-title=\"ambientacion-visual-evento-deportivo\" data-caption=\"ambientacion-visual-evento-deportivo\" href='https:\/\/marc-marti.com\/ca\/ambientacion-visual-evento-deportivo\/'><img decoding=\"async\" width=\"1024\" height=\"682\" src=\"https:\/\/marc-marti.com\/wp-content\/uploads\/2026\/03\/ambientacion-visual-evento-deportivo-1024x682.jpeg\" class=\"attachment-large size-large\" alt=\"ambientacion-visual-evento-deportivo\" aria-describedby=\"gallery-1-3601\" srcset=\"https:\/\/marc-marti.com\/wp-content\/uploads\/2026\/03\/ambientacion-visual-evento-deportivo-200x133.jpeg 200w, https:\/\/marc-marti.com\/wp-content\/uploads\/2026\/03\/ambientacion-visual-evento-deportivo-300x200.jpeg 300w, https:\/\/marc-marti.com\/wp-content\/uploads\/2026\/03\/ambientacion-visual-evento-deportivo-400x267.jpeg 400w, https:\/\/marc-marti.com\/wp-content\/uploads\/2026\/03\/ambientacion-visual-evento-deportivo-600x400.jpeg 600w, https:\/\/marc-marti.com\/wp-content\/uploads\/2026\/03\/ambientacion-visual-evento-deportivo-768x512.jpeg 768w, https:\/\/marc-marti.com\/wp-content\/uploads\/2026\/03\/ambientacion-visual-evento-deportivo-800x533.jpeg 800w, https:\/\/marc-marti.com\/wp-content\/uploads\/2026\/03\/ambientacion-visual-evento-deportivo-1024x682.jpeg 1024w, https:\/\/marc-marti.com\/wp-content\/uploads\/2026\/03\/ambientacion-visual-evento-deportivo-1200x800.jpeg 1200w, https:\/\/marc-marti.com\/wp-content\/uploads\/2026\/03\/ambientacion-visual-evento-deportivo-1536x1023.jpeg 1536w, https:\/\/marc-marti.com\/wp-content\/uploads\/2026\/03\/ambientacion-visual-evento-deportivo.jpeg 1600w\" sizes=\"(max-width: 1024px) 100vw, 1024px\" \/><\/a>\n\t\t\t<\/dt>\n\t\t\t\t<dd class='wp-caption-text gallery-caption' id='gallery-1-3601'>\n\t\t\t\tambientacion-visual-evento-deportivo\n\t\t\t\t<\/dd><\/dl><br style=\"clear: both\" \/>\n\t\t<\/div>\n\n<p>&nbsp;<\/p>\n<p>&nbsp;<\/p>\n","protected":false},"excerpt":{"rendered":"<p>Del 1 al 8 de mar\u00e7 de 2026, Gij\u00f3n va  [&#8230;]<\/p>\n","protected":false},"author":19,"featured_media":3576,"comment_status":"closed","ping_status":"open","sticky":false,"template":"","format":"standard","meta":{"footnotes":""},"categories":[58],"tags":[81,82,86,89,90,91,94,96],"class_list":["post-3603","post","type-post","status-publish","format-standard","has-post-thumbnail","hentry","category-casos-dexit-mm","tag-imagen-corporativa-visual","tag-impresion-digital-gran-formato","tag-marc-marti-impresion-digital-gran-formato","tag-produccion-imagen-grafica","tag-produccion-lonas-y-pancartas","tag-publicidad-exterior-gran-formato","tag-servicios-publicitarios-360o","tag-vinilos-adhesivos-publicitarios"],"yoast_head":"<!-- This site is optimized with the Yoast SEO plugin v27.2 - https:\/\/yoast.com\/product\/yoast-seo-wordpress\/ -->\n<title>Retolaci\u00f3 integral al Gij\u00f3n Premier Padel P2 2026 | Marc Mart\u00ed<\/title>\n<meta name=\"description\" content=\"Retolaci\u00f3 i impressi\u00f3 integral el Gij\u00f3n Premier Padel P2 2026: banderoles, senyal\u00e8tica, photocalls, branding interior i producci\u00f3 gr\u00e0fica.\" \/>\n<meta name=\"robots\" content=\"index, follow, max-snippet:-1, max-image-preview:large, max-video-preview:-1\" \/>\n<link rel=\"canonical\" href=\"https:\/\/marc-marti.com\/ca\/retolacio-impressio-integral-gijon-premier-padel-p2-2026\/\" \/>\n<meta property=\"og:locale\" content=\"ca_ES\" \/>\n<meta property=\"og:type\" content=\"article\" \/>\n<meta property=\"og:title\" content=\"Retolaci\u00f3 integral al Gij\u00f3n Premier Padel P2 2026 | Marc Mart\u00ed\" \/>\n<meta property=\"og:description\" content=\"Retolaci\u00f3 i impressi\u00f3 integral el Gij\u00f3n Premier Padel P2 2026: banderoles, senyal\u00e8tica, photocalls, branding interior i producci\u00f3 gr\u00e0fica.\" \/>\n<meta property=\"og:url\" content=\"https:\/\/marc-marti.com\/ca\/retolacio-impressio-integral-gijon-premier-padel-p2-2026\/\" \/>\n<meta property=\"og:site_name\" content=\"Marc-Mart\u00ed\" \/>\n<meta property=\"article:published_time\" content=\"2026-03-25T09:34:52+00:00\" \/>\n<meta property=\"og:image\" content=\"https:\/\/marc-marti.com\/wp-content\/uploads\/2026\/03\/WhatsApp-Image-2026-03-09-at-13.19.56-1.jpeg\" \/>\n\t<meta property=\"og:image:width\" content=\"1600\" \/>\n\t<meta property=\"og:image:height\" content=\"1066\" \/>\n\t<meta property=\"og:image:type\" content=\"image\/jpeg\" \/>\n<meta name=\"author\" content=\"MARC MARTI\" \/>\n<meta name=\"twitter:card\" content=\"summary_large_image\" \/>\n<meta name=\"twitter:label1\" content=\"Escrit per\" \/>\n\t<meta name=\"twitter:data1\" content=\"MARC MARTI\" \/>\n\t<meta name=\"twitter:label2\" content=\"Temps estimat de lectura\" \/>\n\t<meta name=\"twitter:data2\" content=\"4 minuts\" \/>\n<script type=\"application\/ld+json\" class=\"yoast-schema-graph\">{\"@context\":\"https:\/\/schema.org\",\"@graph\":[{\"@type\":\"Article\",\"@id\":\"https:\/\/marc-marti.com\/ca\/retolacio-impressio-integral-gijon-premier-padel-p2-2026\/#article\",\"isPartOf\":{\"@id\":\"https:\/\/marc-marti.com\/ca\/retolacio-impressio-integral-gijon-premier-padel-p2-2026\/\"},\"author\":{\"name\":\"MARC MARTI\",\"@id\":\"https:\/\/marc-marti.com\/#\/schema\/person\/922fc9d27acd42291e5e2d6a8d9aca9b\"},\"headline\":\"Retolaci\u00f3 integral del Gij\u00f3n Premier Padel P2 2026: aix\u00ed es construeix la imatge visual d&#8217;un gran torneig\",\"datePublished\":\"2026-03-25T09:34:52+00:00\",\"mainEntityOfPage\":{\"@id\":\"https:\/\/marc-marti.com\/ca\/retolacio-impressio-integral-gijon-premier-padel-p2-2026\/\"},\"wordCount\":884,\"image\":{\"@id\":\"https:\/\/marc-marti.com\/ca\/retolacio-impressio-integral-gijon-premier-padel-p2-2026\/#primaryimage\"},\"thumbnailUrl\":\"https:\/\/marc-marti.com\/wp-content\/uploads\/2026\/03\/WhatsApp-Image-2026-03-09-at-13.19.56-1.jpeg\",\"keywords\":[\"imagen corporativa visual\",\"impresi\u00f3n digital gran formato\",\"Marc Mart\u00ed impresi\u00f3n digital gran formato\",\"producci\u00f3n imagen gr\u00e1fica\",\"producci\u00f3n lonas y pancartas\",\"publicidad exterior gran formato\",\"servicios publicitarios 360\u00ba\",\"vinilos adhesivos publicitarios\"],\"articleSection\":[\"Casos d\u2019\u00e8xit\"],\"inLanguage\":\"ca\"},{\"@type\":\"WebPage\",\"@id\":\"https:\/\/marc-marti.com\/ca\/retolacio-impressio-integral-gijon-premier-padel-p2-2026\/\",\"url\":\"https:\/\/marc-marti.com\/ca\/retolacio-impressio-integral-gijon-premier-padel-p2-2026\/\",\"name\":\"Retolaci\u00f3 integral al Gij\u00f3n Premier Padel P2 2026 | Marc Mart\u00ed\",\"isPartOf\":{\"@id\":\"https:\/\/marc-marti.com\/#website\"},\"primaryImageOfPage\":{\"@id\":\"https:\/\/marc-marti.com\/ca\/retolacio-impressio-integral-gijon-premier-padel-p2-2026\/#primaryimage\"},\"image\":{\"@id\":\"https:\/\/marc-marti.com\/ca\/retolacio-impressio-integral-gijon-premier-padel-p2-2026\/#primaryimage\"},\"thumbnailUrl\":\"https:\/\/marc-marti.com\/wp-content\/uploads\/2026\/03\/WhatsApp-Image-2026-03-09-at-13.19.56-1.jpeg\",\"datePublished\":\"2026-03-25T09:34:52+00:00\",\"author\":{\"@id\":\"https:\/\/marc-marti.com\/#\/schema\/person\/922fc9d27acd42291e5e2d6a8d9aca9b\"},\"description\":\"Retolaci\u00f3 i impressi\u00f3 integral el Gij\u00f3n Premier Padel P2 2026: banderoles, senyal\u00e8tica, photocalls, branding interior i producci\u00f3 gr\u00e0fica.\",\"breadcrumb\":{\"@id\":\"https:\/\/marc-marti.com\/ca\/retolacio-impressio-integral-gijon-premier-padel-p2-2026\/#breadcrumb\"},\"inLanguage\":\"ca\",\"potentialAction\":[{\"@type\":\"ReadAction\",\"target\":[\"https:\/\/marc-marti.com\/ca\/retolacio-impressio-integral-gijon-premier-padel-p2-2026\/\"]}]},{\"@type\":\"ImageObject\",\"inLanguage\":\"ca\",\"@id\":\"https:\/\/marc-marti.com\/ca\/retolacio-impressio-integral-gijon-premier-padel-p2-2026\/#primaryimage\",\"url\":\"https:\/\/marc-marti.com\/wp-content\/uploads\/2026\/03\/WhatsApp-Image-2026-03-09-at-13.19.56-1.jpeg\",\"contentUrl\":\"https:\/\/marc-marti.com\/wp-content\/uploads\/2026\/03\/WhatsApp-Image-2026-03-09-at-13.19.56-1.jpeg\",\"width\":1600,\"height\":1066,\"caption\":\"rotulacion-evento-deportivo-marc-marti\"},{\"@type\":\"BreadcrumbList\",\"@id\":\"https:\/\/marc-marti.com\/ca\/retolacio-impressio-integral-gijon-premier-padel-p2-2026\/#breadcrumb\",\"itemListElement\":[{\"@type\":\"ListItem\",\"position\":1,\"name\":\"Portada\",\"item\":\"https:\/\/marc-marti.com\/ca\/\"},{\"@type\":\"ListItem\",\"position\":2,\"name\":\"Retolaci\u00f3 integral del Gij\u00f3n Premier Padel P2 2026: aix\u00ed es construeix la imatge visual d&#8217;un gran torneig\"}]},{\"@type\":\"WebSite\",\"@id\":\"https:\/\/marc-marti.com\/#website\",\"url\":\"https:\/\/marc-marti.com\/\",\"name\":\"Marc-Mart\u00ed\",\"description\":\"Impresi\u00f3n digital gran formato\",\"potentialAction\":[{\"@type\":\"SearchAction\",\"target\":{\"@type\":\"EntryPoint\",\"urlTemplate\":\"https:\/\/marc-marti.com\/?s={search_term_string}\"},\"query-input\":{\"@type\":\"PropertyValueSpecification\",\"valueRequired\":true,\"valueName\":\"search_term_string\"}}],\"inLanguage\":\"ca\"},{\"@type\":\"Person\",\"@id\":\"https:\/\/marc-marti.com\/#\/schema\/person\/922fc9d27acd42291e5e2d6a8d9aca9b\",\"name\":\"MARC MARTI\"}]}<\/script>\n<!-- \/ Yoast SEO plugin. -->","yoast_head_json":{"title":"Retolaci\u00f3 integral al Gij\u00f3n Premier Padel P2 2026 | Marc Mart\u00ed","description":"Retolaci\u00f3 i impressi\u00f3 integral el Gij\u00f3n Premier Padel P2 2026: banderoles, senyal\u00e8tica, photocalls, branding interior i producci\u00f3 gr\u00e0fica.","robots":{"index":"index","follow":"follow","max-snippet":"max-snippet:-1","max-image-preview":"max-image-preview:large","max-video-preview":"max-video-preview:-1"},"canonical":"https:\/\/marc-marti.com\/ca\/retolacio-impressio-integral-gijon-premier-padel-p2-2026\/","og_locale":"ca_ES","og_type":"article","og_title":"Retolaci\u00f3 integral al Gij\u00f3n Premier Padel P2 2026 | Marc Mart\u00ed","og_description":"Retolaci\u00f3 i impressi\u00f3 integral el Gij\u00f3n Premier Padel P2 2026: banderoles, senyal\u00e8tica, photocalls, branding interior i producci\u00f3 gr\u00e0fica.","og_url":"https:\/\/marc-marti.com\/ca\/retolacio-impressio-integral-gijon-premier-padel-p2-2026\/","og_site_name":"Marc-Mart\u00ed","article_published_time":"2026-03-25T09:34:52+00:00","og_image":[{"width":1600,"height":1066,"url":"https:\/\/marc-marti.com\/wp-content\/uploads\/2026\/03\/WhatsApp-Image-2026-03-09-at-13.19.56-1.jpeg","type":"image\/jpeg"}],"author":"MARC MARTI","twitter_card":"summary_large_image","twitter_misc":{"Escrit per":"MARC MARTI","Temps estimat de lectura":"4 minuts"},"schema":{"@context":"https:\/\/schema.org","@graph":[{"@type":"Article","@id":"https:\/\/marc-marti.com\/ca\/retolacio-impressio-integral-gijon-premier-padel-p2-2026\/#article","isPartOf":{"@id":"https:\/\/marc-marti.com\/ca\/retolacio-impressio-integral-gijon-premier-padel-p2-2026\/"},"author":{"name":"MARC MARTI","@id":"https:\/\/marc-marti.com\/#\/schema\/person\/922fc9d27acd42291e5e2d6a8d9aca9b"},"headline":"Retolaci\u00f3 integral del Gij\u00f3n Premier Padel P2 2026: aix\u00ed es construeix la imatge visual d&#8217;un gran torneig","datePublished":"2026-03-25T09:34:52+00:00","mainEntityOfPage":{"@id":"https:\/\/marc-marti.com\/ca\/retolacio-impressio-integral-gijon-premier-padel-p2-2026\/"},"wordCount":884,"image":{"@id":"https:\/\/marc-marti.com\/ca\/retolacio-impressio-integral-gijon-premier-padel-p2-2026\/#primaryimage"},"thumbnailUrl":"https:\/\/marc-marti.com\/wp-content\/uploads\/2026\/03\/WhatsApp-Image-2026-03-09-at-13.19.56-1.jpeg","keywords":["imagen corporativa visual","impresi\u00f3n digital gran formato","Marc Mart\u00ed impresi\u00f3n digital gran formato","producci\u00f3n imagen gr\u00e1fica","producci\u00f3n lonas y pancartas","publicidad exterior gran formato","servicios publicitarios 360\u00ba","vinilos adhesivos publicitarios"],"articleSection":["Casos d\u2019\u00e8xit"],"inLanguage":"ca"},{"@type":"WebPage","@id":"https:\/\/marc-marti.com\/ca\/retolacio-impressio-integral-gijon-premier-padel-p2-2026\/","url":"https:\/\/marc-marti.com\/ca\/retolacio-impressio-integral-gijon-premier-padel-p2-2026\/","name":"Retolaci\u00f3 integral al Gij\u00f3n Premier Padel P2 2026 | Marc Mart\u00ed","isPartOf":{"@id":"https:\/\/marc-marti.com\/#website"},"primaryImageOfPage":{"@id":"https:\/\/marc-marti.com\/ca\/retolacio-impressio-integral-gijon-premier-padel-p2-2026\/#primaryimage"},"image":{"@id":"https:\/\/marc-marti.com\/ca\/retolacio-impressio-integral-gijon-premier-padel-p2-2026\/#primaryimage"},"thumbnailUrl":"https:\/\/marc-marti.com\/wp-content\/uploads\/2026\/03\/WhatsApp-Image-2026-03-09-at-13.19.56-1.jpeg","datePublished":"2026-03-25T09:34:52+00:00","author":{"@id":"https:\/\/marc-marti.com\/#\/schema\/person\/922fc9d27acd42291e5e2d6a8d9aca9b"},"description":"Retolaci\u00f3 i impressi\u00f3 integral el Gij\u00f3n Premier Padel P2 2026: banderoles, senyal\u00e8tica, photocalls, branding interior i producci\u00f3 gr\u00e0fica.","breadcrumb":{"@id":"https:\/\/marc-marti.com\/ca\/retolacio-impressio-integral-gijon-premier-padel-p2-2026\/#breadcrumb"},"inLanguage":"ca","potentialAction":[{"@type":"ReadAction","target":["https:\/\/marc-marti.com\/ca\/retolacio-impressio-integral-gijon-premier-padel-p2-2026\/"]}]},{"@type":"ImageObject","inLanguage":"ca","@id":"https:\/\/marc-marti.com\/ca\/retolacio-impressio-integral-gijon-premier-padel-p2-2026\/#primaryimage","url":"https:\/\/marc-marti.com\/wp-content\/uploads\/2026\/03\/WhatsApp-Image-2026-03-09-at-13.19.56-1.jpeg","contentUrl":"https:\/\/marc-marti.com\/wp-content\/uploads\/2026\/03\/WhatsApp-Image-2026-03-09-at-13.19.56-1.jpeg","width":1600,"height":1066,"caption":"rotulacion-evento-deportivo-marc-marti"},{"@type":"BreadcrumbList","@id":"https:\/\/marc-marti.com\/ca\/retolacio-impressio-integral-gijon-premier-padel-p2-2026\/#breadcrumb","itemListElement":[{"@type":"ListItem","position":1,"name":"Portada","item":"https:\/\/marc-marti.com\/ca\/"},{"@type":"ListItem","position":2,"name":"Retolaci\u00f3 integral del Gij\u00f3n Premier Padel P2 2026: aix\u00ed es construeix la imatge visual d&#8217;un gran torneig"}]},{"@type":"WebSite","@id":"https:\/\/marc-marti.com\/#website","url":"https:\/\/marc-marti.com\/","name":"Marc-Mart\u00ed","description":"Impresi\u00f3n digital gran formato","potentialAction":[{"@type":"SearchAction","target":{"@type":"EntryPoint","urlTemplate":"https:\/\/marc-marti.com\/?s={search_term_string}"},"query-input":{"@type":"PropertyValueSpecification","valueRequired":true,"valueName":"search_term_string"}}],"inLanguage":"ca"},{"@type":"Person","@id":"https:\/\/marc-marti.com\/#\/schema\/person\/922fc9d27acd42291e5e2d6a8d9aca9b","name":"MARC MARTI"}]}},"_links":{"self":[{"href":"https:\/\/marc-marti.com\/ca\/wp-json\/wp\/v2\/posts\/3603","targetHints":{"allow":["GET"]}}],"collection":[{"href":"https:\/\/marc-marti.com\/ca\/wp-json\/wp\/v2\/posts"}],"about":[{"href":"https:\/\/marc-marti.com\/ca\/wp-json\/wp\/v2\/types\/post"}],"author":[{"embeddable":true,"href":"https:\/\/marc-marti.com\/ca\/wp-json\/wp\/v2\/users\/19"}],"replies":[{"embeddable":true,"href":"https:\/\/marc-marti.com\/ca\/wp-json\/wp\/v2\/comments?post=3603"}],"version-history":[{"count":2,"href":"https:\/\/marc-marti.com\/ca\/wp-json\/wp\/v2\/posts\/3603\/revisions"}],"predecessor-version":[{"id":3605,"href":"https:\/\/marc-marti.com\/ca\/wp-json\/wp\/v2\/posts\/3603\/revisions\/3605"}],"wp:featuredmedia":[{"embeddable":true,"href":"https:\/\/marc-marti.com\/ca\/wp-json\/wp\/v2\/media\/3576"}],"wp:attachment":[{"href":"https:\/\/marc-marti.com\/ca\/wp-json\/wp\/v2\/media?parent=3603"}],"wp:term":[{"taxonomy":"category","embeddable":true,"href":"https:\/\/marc-marti.com\/ca\/wp-json\/wp\/v2\/categories?post=3603"},{"taxonomy":"post_tag","embeddable":true,"href":"https:\/\/marc-marti.com\/ca\/wp-json\/wp\/v2\/tags?post=3603"}],"curies":[{"name":"wp","href":"https:\/\/api.w.org\/{rel}","templated":true}]}}